{"id":4353,"date":"2021-08-26T08:18:41","date_gmt":"2021-08-26T08:18:41","guid":{"rendered":"https:\/\/ws054.juntadeandalucia.es\/crnandalucia\/?p=4353"},"modified":"2021-08-26T08:18:44","modified_gmt":"2021-08-26T08:18:44","slug":"ferias-nacionales-de-mobiliario-2021","status":"publish","type":"post","link":"https:\/\/ws054.juntadeandalucia.es\/crnandalucia\/ferias-nacionales-de-mobiliario-2021\/","title":{"rendered":"Ferias Nacionales de mobiliario 2021"},"content":{"rendered":"<p><\/p>\n\n\n<\/p>\n<p class=\"wp-block-paragraph\">\u00a0<\/p>\n<p>\u00c9stas son las Ferias del mueble nacionales que tienen previsto abrir sus puertas durante el \u00faltimo cuatrimestre del 2021.<\/p>\n<p>\n\n\n\n<\/p>\n<p class=\"wp-block-paragraph\" style=\"text-align: center\"><strong>&#8211; SEPTIEMBRE 2021 &#8211;<\/strong><\/p>\n<ul>\n<li><strong>INTERGIFT \u2013 Feria del Regalo de Madrid<\/strong> (Del 15 al 19 de septiembre, Madrid). Feria de referencia en el sector del regalo y la decoraci\u00f3n en Espa\u00f1a y Portugal. Internacional y de car\u00e1cter exclusivamente profesional. <br \/>Web: <a href=\"https:\/\/www.ifema.es\/intergift\" target=\"_blank\">https:\/\/www.ifema.es\/intergift<\/a><br \/><br \/><\/li>\n<li><strong>SURMUEBLE- Sal\u00f3n Profesional de Fabricantes<\/strong> (Del 28 de septiembre al 01 de octubre, Sevilla). Surmueble ser\u00e1 de nuevo punto de encuentro de fabricantes y compradores del sector del mueble y la decoraci\u00f3n con los productos m\u00e1s novedosos y punteros. Web: <a href=\"https:\/\/surmueble.es\/\" target=\"_blank\">https:\/\/surmueble.es\/<\/a><\/li>\n<\/ul>\n<p style=\"text-align: center\"><strong>&#8211; OCTUBRE 2021 &#8211;<\/strong><\/p>\n<ul>\n<li><strong> FERIA DEL MUEBLE DE YECLA- 59\u00ba Edici\u00f3n<\/strong> (Del 20 al 23 de octubre, Yecla \u2013 Murcia). Primera feria del mueble en Espa\u00f1a, escaparate de las \u00faltimas tendencias, innovaciones y tecnolog\u00edas aplicadas a los procesos de fabricaci\u00f3n de muebles. Web: <a href=\"https:\/\/feriayecla.com\/\" target=\"_blank\">https:\/\/feriayecla.com\/<\/a><\/li>\n<\/ul>\n<p style=\"text-align: center\"><strong>-NOVIEMBRE 2021 &#8211;<\/strong><\/p>\n<ul>\n<li style=\"text-align: left\"><strong> MARBELLA DESIGN FAIR.<\/strong> (Del 04 al 14 de noviembre, Marbella \u2013 M\u00e1laga). <br \/>La cuarta edici\u00f3n volver\u00e1 a abrir sus puertas en el Palacio de Ferias, Congresos y Exposiciones de Marbella. Es una feria de interiorismo, dise\u00f1o y alta decoraci\u00f3n. Web: <a href=\"http:\/\/www.marbelladesignfair.com\/\" target=\"_blank\">http:\/\/www.marbelladesignfair.com\/<\/a><br \/><br \/><\/li>\n<li style=\"text-align: left\"><strong>FIRAHOGAR + FIRAMACO \u2013 Sal\u00f3n de Mobiliario, Equipamientos y Decoraci\u00f3n del Hogar.<\/strong> Feria de materiales de construcci\u00f3n. (Del 05 al 07 de noviembre, Alicante). <br \/>En ella se ofrecen tanto muebles e interiorismo, como iluminaci\u00f3n, cocinas, exteriores, \u2026 A esta cita se suma Firamaco, Feria de Materiales de Construcci\u00f3n, reforma y rehabilitaci\u00f3n. Web: <a href=\"https:\/\/www.feria-alicante.com\/ferias\/firahogar-firamaco-2021\/\" target=\"_blank\">https:\/\/www.feria-alicante.com\/ferias\/firahogar-firamaco-2021\/<\/a><\/li>\n<\/ul>\n<p>\n\n\n<p><\/p>","protected":false},"excerpt":{"rendered":"<p>\u00a0 \u00c9stas son las Ferias del mueble nacionales que tienen previsto abrir sus puertas durante el \u00faltimo cuatrimestre del 2021. &#8211; SEPTIEMBRE 2021 &#8211; INTERGIFT \u2013 Feria del Regalo de Madrid (Del 15 al 19 de septiembre, Madrid). Feria de referencia en el sector del regalo y la decoraci\u00f3n en Espa\u00f1a y Portugal. Internacional y [&hellip;]<\/p>\n","protected":false},"author":4,"featured_media":4362,"comment_status":"closed","ping_status":"closed","sticky":false,"template":"","format":"standard","meta":{"_acf_changed":false,"footnotes":""},"categories":[3],"tags":[146,145,21,147],"class_list":["post-4353","post","type-post","status-publish","format-standard","has-post-thumbnail","hentry","category-noticias-crn-carpinteria-y-madera","tag-eventos","tag-ferias","tag-madera","tag-mobiliario"],"acf":[],"yoast_head":"<!-- This site is optimized with the Yoast SEO plugin v25.3 - https:\/\/yoast.com\/wordpress\/plugins\/seo\/ -->\n<title>Ferias Nacionales de mobiliario 2021 - Escuelas CRN<\/title>\n<meta name=\"robots\" content=\"index, follow, max-snippet:-1, max-image-preview:large, max-video-preview:-1\" \/>\n<link rel=\"canonical\" href=\"https:\/\/ws054.juntadeandalucia.es\/crnandalucia\/ferias-nacionales-de-mobiliario-2021\/\" \/>\n<meta property=\"og:locale\" content=\"es_ES\" \/>\n<meta property=\"og:type\" content=\"article\" \/>\n<meta property=\"og:title\" content=\"Ferias Nacionales de mobiliario 2021 - Escuelas CRN\" \/>\n<meta property=\"og:description\" content=\"\u00a0 \u00c9stas son las Ferias del mueble nacionales que tienen previsto abrir sus puertas durante el \u00faltimo cuatrimestre del 2021. &#8211; SEPTIEMBRE 2021 &#8211; INTERGIFT \u2013 Feria del Regalo de Madrid (Del 15 al 19 de septiembre, Madrid). Feria de referencia en el sector del regalo y la decoraci\u00f3n en Espa\u00f1a y Portugal. Internacional y [&hellip;]\" \/>\n<meta property=\"og:url\" content=\"https:\/\/ws054.juntadeandalucia.es\/crnandalucia\/ferias-nacionales-de-mobiliario-2021\/\" \/>\n<meta property=\"og:site_name\" content=\"Escuelas CRN\" \/>\n<meta property=\"article:published_time\" content=\"2021-08-26T08:18:41+00:00\" \/>\n<meta property=\"article:modified_time\" content=\"2021-08-26T08:18:44+00:00\" \/>\n<meta property=\"og:image\" content=\"https:\/\/ws054.juntadeandalucia.es\/crnandalucia\/wp-content\/uploads\/2021\/08\/ferias_sector.jpg\" \/>\n\t<meta property=\"og:image:width\" content=\"905\" \/>\n\t<meta property=\"og:image:height\" content=\"639\" \/>\n\t<meta property=\"og:image:type\" content=\"image\/jpeg\" \/>\n<meta name=\"author\" content=\"CRN-Carpinteria\" \/>\n<meta name=\"twitter:card\" content=\"summary_large_image\" \/>\n<meta name=\"twitter:label1\" content=\"Escrito por\" \/>\n\t<meta name=\"twitter:data1\" content=\"CRN-Carpinteria\" \/>\n\t<meta name=\"twitter:label2\" content=\"Tiempo de lectura\" \/>\n\t<meta name=\"twitter:data2\" content=\"1 minuto\" \/>\n<script type=\"application\/ld+json\" class=\"yoast-schema-graph\">{\"@context\":\"https:\/\/schema.org\",\"@graph\":[{\"@type\":\"WebPage\",\"@id\":\"https:\/\/ws054.juntadeandalucia.es\/crnandalucia\/ferias-nacionales-de-mobiliario-2021\/\",\"url\":\"https:\/\/ws054.juntadeandalucia.es\/crnandalucia\/ferias-nacionales-de-mobiliario-2021\/\",\"name\":\"Ferias Nacionales de mobiliario 2021 - Escuelas CRN\",\"isPartOf\":{\"@id\":\"https:\/\/ws054.juntadeandalucia.es\/crnandalucia\/#website\"},\"primaryImageOfPage\":{\"@id\":\"https:\/\/ws054.juntadeandalucia.es\/crnandalucia\/ferias-nacionales-de-mobiliario-2021\/#primaryimage\"},\"image\":{\"@id\":\"https:\/\/ws054.juntadeandalucia.es\/crnandalucia\/ferias-nacionales-de-mobiliario-2021\/#primaryimage\"},\"thumbnailUrl\":\"https:\/\/ws054.juntadeandalucia.es\/crnandalucia\/wp-content\/uploads\/2021\/08\/ferias_sector.jpg\",\"datePublished\":\"2021-08-26T08:18:41+00:00\",\"dateModified\":\"2021-08-26T08:18:44+00:00\",\"author\":{\"@id\":\"https:\/\/ws054.juntadeandalucia.es\/crnandalucia\/#\/schema\/person\/18507a1f1c557d6720560c0b95aa579c\"},\"breadcrumb\":{\"@id\":\"https:\/\/ws054.juntadeandalucia.es\/crnandalucia\/ferias-nacionales-de-mobiliario-2021\/#breadcrumb\"},\"inLanguage\":\"es\",\"potentialAction\":[{\"@type\":\"ReadAction\",\"target\":[\"https:\/\/ws054.juntadeandalucia.es\/crnandalucia\/ferias-nacionales-de-mobiliario-2021\/\"]}]},{\"@type\":\"ImageObject\",\"inLanguage\":\"es\",\"@id\":\"https:\/\/ws054.juntadeandalucia.es\/crnandalucia\/ferias-nacionales-de-mobiliario-2021\/#primaryimage\",\"url\":\"https:\/\/ws054.juntadeandalucia.es\/crnandalucia\/wp-content\/uploads\/2021\/08\/ferias_sector.jpg\",\"contentUrl\":\"https:\/\/ws054.juntadeandalucia.es\/crnandalucia\/wp-content\/uploads\/2021\/08\/ferias_sector.jpg\",\"width\":905,\"height\":639,\"caption\":\"ferias_sector_mobiliario\"},{\"@type\":\"BreadcrumbList\",\"@id\":\"https:\/\/ws054.juntadeandalucia.es\/crnandalucia\/ferias-nacionales-de-mobiliario-2021\/#breadcrumb\",\"itemListElement\":[{\"@type\":\"ListItem\",\"position\":1,\"name\":\"Portada\",\"item\":\"https:\/\/ws054.juntadeandalucia.es\/crnandalucia\/\"},{\"@type\":\"ListItem\",\"position\":2,\"name\":\"Ferias Nacionales de mobiliario 2021\"}]},{\"@type\":\"WebSite\",\"@id\":\"https:\/\/ws054.juntadeandalucia.es\/crnandalucia\/#website\",\"url\":\"https:\/\/ws054.juntadeandalucia.es\/crnandalucia\/\",\"name\":\"Escuelas CRN\",\"description\":\"\",\"potentialAction\":[{\"@type\":\"SearchAction\",\"target\":{\"@type\":\"EntryPoint\",\"urlTemplate\":\"https:\/\/ws054.juntadeandalucia.es\/crnandalucia\/?s={search_term_string}\"},\"query-input\":{\"@type\":\"PropertyValueSpecification\",\"valueRequired\":true,\"valueName\":\"search_term_string\"}}],\"inLanguage\":\"es\"},{\"@type\":\"Person\",\"@id\":\"https:\/\/ws054.juntadeandalucia.es\/crnandalucia\/#\/schema\/person\/18507a1f1c557d6720560c0b95aa579c\",\"name\":\"CRN-Carpinteria\",\"image\":{\"@type\":\"ImageObject\",\"inLanguage\":\"es\",\"@id\":\"https:\/\/ws054.juntadeandalucia.es\/crnandalucia\/#\/schema\/person\/image\/\",\"url\":\"https:\/\/secure.gravatar.com\/avatar\/f12e6457226c2c783ce0f288254d015da501299f09d3dcebbb25d0d5cc90c382?s=96&d=mm&r=g\",\"contentUrl\":\"https:\/\/secure.gravatar.com\/avatar\/f12e6457226c2c783ce0f288254d015da501299f09d3dcebbb25d0d5cc90c382?s=96&d=mm&r=g\",\"caption\":\"CRN-Carpinteria\"},\"url\":\"https:\/\/ws054.juntadeandalucia.es\/crnandalucia\/author\/crn-carpinteria\/\"}]}<\/script>\n<!-- \/ Yoast SEO plugin. -->","yoast_head_json":{"title":"Ferias Nacionales de mobiliario 2021 - Escuelas CRN","robots":{"index":"index","follow":"follow","max-snippet":"max-snippet:-1","max-image-preview":"max-image-preview:large","max-video-preview":"max-video-preview:-1"},"canonical":"https:\/\/ws054.juntadeandalucia.es\/crnandalucia\/ferias-nacionales-de-mobiliario-2021\/","og_locale":"es_ES","og_type":"article","og_title":"Ferias Nacionales de mobiliario 2021 - Escuelas CRN","og_description":"\u00a0 \u00c9stas son las Ferias del mueble nacionales que tienen previsto abrir sus puertas durante el \u00faltimo cuatrimestre del 2021. &#8211; SEPTIEMBRE 2021 &#8211; INTERGIFT \u2013 Feria del Regalo de Madrid (Del 15 al 19 de septiembre, Madrid). Feria de referencia en el sector del regalo y la decoraci\u00f3n en Espa\u00f1a y Portugal. Internacional y [&hellip;]","og_url":"https:\/\/ws054.juntadeandalucia.es\/crnandalucia\/ferias-nacionales-de-mobiliario-2021\/","og_site_name":"Escuelas CRN","article_published_time":"2021-08-26T08:18:41+00:00","article_modified_time":"2021-08-26T08:18:44+00:00","og_image":[{"width":905,"height":639,"url":"https:\/\/ws054.juntadeandalucia.es\/crnandalucia\/wp-content\/uploads\/2021\/08\/ferias_sector.jpg","type":"image\/jpeg"}],"author":"CRN-Carpinteria","twitter_card":"summary_large_image","twitter_misc":{"Escrito por":"CRN-Carpinteria","Tiempo de lectura":"1 minuto"},"schema":{"@context":"https:\/\/schema.org","@graph":[{"@type":"WebPage","@id":"https:\/\/ws054.juntadeandalucia.es\/crnandalucia\/ferias-nacionales-de-mobiliario-2021\/","url":"https:\/\/ws054.juntadeandalucia.es\/crnandalucia\/ferias-nacionales-de-mobiliario-2021\/","name":"Ferias Nacionales de mobiliario 2021 - Escuelas CRN","isPartOf":{"@id":"https:\/\/ws054.juntadeandalucia.es\/crnandalucia\/#website"},"primaryImageOfPage":{"@id":"https:\/\/ws054.juntadeandalucia.es\/crnandalucia\/ferias-nacionales-de-mobiliario-2021\/#primaryimage"},"image":{"@id":"https:\/\/ws054.juntadeandalucia.es\/crnandalucia\/ferias-nacionales-de-mobiliario-2021\/#primaryimage"},"thumbnailUrl":"https:\/\/ws054.juntadeandalucia.es\/crnandalucia\/wp-content\/uploads\/2021\/08\/ferias_sector.jpg","datePublished":"2021-08-26T08:18:41+00:00","dateModified":"2021-08-26T08:18:44+00:00","author":{"@id":"https:\/\/ws054.juntadeandalucia.es\/crnandalucia\/#\/schema\/person\/18507a1f1c557d6720560c0b95aa579c"},"breadcrumb":{"@id":"https:\/\/ws054.juntadeandalucia.es\/crnandalucia\/ferias-nacionales-de-mobiliario-2021\/#breadcrumb"},"inLanguage":"es","potentialAction":[{"@type":"ReadAction","target":["https:\/\/ws054.juntadeandalucia.es\/crnandalucia\/ferias-nacionales-de-mobiliario-2021\/"]}]},{"@type":"ImageObject","inLanguage":"es","@id":"https:\/\/ws054.juntadeandalucia.es\/crnandalucia\/ferias-nacionales-de-mobiliario-2021\/#primaryimage","url":"https:\/\/ws054.juntadeandalucia.es\/crnandalucia\/wp-content\/uploads\/2021\/08\/ferias_sector.jpg","contentUrl":"https:\/\/ws054.juntadeandalucia.es\/crnandalucia\/wp-content\/uploads\/2021\/08\/ferias_sector.jpg","width":905,"height":639,"caption":"ferias_sector_mobiliario"},{"@type":"BreadcrumbList","@id":"https:\/\/ws054.juntadeandalucia.es\/crnandalucia\/ferias-nacionales-de-mobiliario-2021\/#breadcrumb","itemListElement":[{"@type":"ListItem","position":1,"name":"Portada","item":"https:\/\/ws054.juntadeandalucia.es\/crnandalucia\/"},{"@type":"ListItem","position":2,"name":"Ferias Nacionales de mobiliario 2021"}]},{"@type":"WebSite","@id":"https:\/\/ws054.juntadeandalucia.es\/crnandalucia\/#website","url":"https:\/\/ws054.juntadeandalucia.es\/crnandalucia\/","name":"Escuelas CRN","description":"","potentialAction":[{"@type":"SearchAction","target":{"@type":"EntryPoint","urlTemplate":"https:\/\/ws054.juntadeandalucia.es\/crnandalucia\/?s={search_term_string}"},"query-input":{"@type":"PropertyValueSpecification","valueRequired":true,"valueName":"search_term_string"}}],"inLanguage":"es"},{"@type":"Person","@id":"https:\/\/ws054.juntadeandalucia.es\/crnandalucia\/#\/schema\/person\/18507a1f1c557d6720560c0b95aa579c","name":"CRN-Carpinteria","image":{"@type":"ImageObject","inLanguage":"es","@id":"https:\/\/ws054.juntadeandalucia.es\/crnandalucia\/#\/schema\/person\/image\/","url":"https:\/\/secure.gravatar.com\/avatar\/f12e6457226c2c783ce0f288254d015da501299f09d3dcebbb25d0d5cc90c382?s=96&d=mm&r=g","contentUrl":"https:\/\/secure.gravatar.com\/avatar\/f12e6457226c2c783ce0f288254d015da501299f09d3dcebbb25d0d5cc90c382?s=96&d=mm&r=g","caption":"CRN-Carpinteria"},"url":"https:\/\/ws054.juntadeandalucia.es\/crnandalucia\/author\/crn-carpinteria\/"}]}},"_links":{"self":[{"href":"https:\/\/ws054.juntadeandalucia.es\/crnandalucia\/wp-json\/wp\/v2\/posts\/4353","targetHints":{"allow":["GET"]}}],"collection":[{"href":"https:\/\/ws054.juntadeandalucia.es\/crnandalucia\/wp-json\/wp\/v2\/posts"}],"about":[{"href":"https:\/\/ws054.juntadeandalucia.es\/crnandalucia\/wp-json\/wp\/v2\/types\/post"}],"author":[{"embeddable":true,"href":"https:\/\/ws054.juntadeandalucia.es\/crnandalucia\/wp-json\/wp\/v2\/users\/4"}],"replies":[{"embeddable":true,"href":"https:\/\/ws054.juntadeandalucia.es\/crnandalucia\/wp-json\/wp\/v2\/comments?post=4353"}],"version-history":[{"count":8,"href":"https:\/\/ws054.juntadeandalucia.es\/crnandalucia\/wp-json\/wp\/v2\/posts\/4353\/revisions"}],"predecessor-version":[{"id":4361,"href":"https:\/\/ws054.juntadeandalucia.es\/crnandalucia\/wp-json\/wp\/v2\/posts\/4353\/revisions\/4361"}],"wp:featuredmedia":[{"embeddable":true,"href":"https:\/\/ws054.juntadeandalucia.es\/crnandalucia\/wp-json\/wp\/v2\/media\/4362"}],"wp:attachment":[{"href":"https:\/\/ws054.juntadeandalucia.es\/crnandalucia\/wp-json\/wp\/v2\/media?parent=4353"}],"wp:term":[{"taxonomy":"category","embeddable":true,"href":"https:\/\/ws054.juntadeandalucia.es\/crnandalucia\/wp-json\/wp\/v2\/categories?post=4353"},{"taxonomy":"post_tag","embeddable":true,"href":"https:\/\/ws054.juntadeandalucia.es\/crnandalucia\/wp-json\/wp\/v2\/tags?post=4353"}],"curies":[{"name":"wp","href":"https:\/\/api.w.org\/{rel}","templated":true}]}}