{"id":4349,"date":"2021-08-26T07:36:47","date_gmt":"2021-08-26T07:36:47","guid":{"rendered":"https:\/\/ws054.juntadeandalucia.es\/crnandalucia\/?p=4349"},"modified":"2021-08-30T09:30:48","modified_gmt":"2021-08-30T09:30:48","slug":"autodiagnostico-de-actitudes-emprendedoras","status":"publish","type":"post","link":"https:\/\/ws054.juntadeandalucia.es\/crnandalucia\/autodiagnostico-de-actitudes-emprendedoras\/","title":{"rendered":"Autodiagn\u00f3stico de actitudes emprendedoras"},"content":{"rendered":"\n<p class=\"wp-block-paragraph\">El Ministerio de Industria, Comercio y Turismo a trav\u00e9s de la Secretar\u00eda General de Industria y de la Peque\u00f1a y Mediana Empresa, han creado la herramienta de autodiagn\u00f3stico de actitudes emprendedoras, un instrumento interactivo que permite dar un diagn\u00f3stico a los emprendedores y emprendedoras que cumplimenten un cuestionario y, a continuaci\u00f3n, ofrecer al emprendedor y emprendedora una serie de recomendaciones que le ayudar\u00e1n a estar preparado para iniciar su proyecto. <br><\/p>\n\n\n\n<p class=\"wp-block-paragraph\">El n\u00facleo del sistema es un cuestionario de 25 preguntas cerradas, distribuidas en siete caracter\u00edsticas del emprendedor\/a (motivaci\u00f3n, iniciativa y energ\u00eda personal, perfil psicol\u00f3gico, capacidad de relaci\u00f3n, capacidad de an\u00e1lisis, innovaci\u00f3n y creatividad y propensi\u00f3n al riesgo). <\/p>\n\n\n\n<p class=\"wp-block-paragraph\">Para poder utilizar esta herramienta gratuita, es necesario identificarse con su nombre de usuario y contrase\u00f1a en la siguiente direcci\u00f3n: <\/p>\n\n\n\n<p class=\"wp-block-paragraph\">http<a href=\"http:\/\/El Ministerio de Industria, Comercio y Turismo  a trav\u00e9s de la Secretar\u00eda General de Industria y de la Peque\u00f1a y Mediana Empresa, han creado la herramienta de autodiagn\u00f3stico de actitudes emprendedoras, un instrumento interactivo que permite dar un diagn\u00f3stico a los emprendedores y emprendedoras que cumplimenten un cuestionario y, a continuaci\u00f3n, ofrecer al emprendedor y emprendedora una serie de recomendaciones que le ayudar\u00e1n a estar preparado para iniciar su proyecto.  El n\u00facleo del sistema es un cuestionario de 25 preguntas cerradas, distribuidas en siete caracter\u00edsticas del emprendedor\/a (motivaci\u00f3n, iniciativa y energ\u00eda personal, perfil psicol\u00f3gico, capacidad de relaci\u00f3n, capacidad de an\u00e1lisis, innovaci\u00f3n y creatividad y propensi\u00f3n al riesgo).  Para poder utilizar esta herramienta gratuita, es necesario identificarse con su nombre de usuario y contrase\u00f1a en la siguiente direcci\u00f3n: http:\/\/www.ipyme.org\/es-ES\/DecisionEmprender\/Paginas\/AutodiagnosticoActitudesEmprendedoras.aspx\" data-type=\"URL\" data-id=\"El Ministerio de Industria, Comercio y Turismo  a trav\u00e9s de la Secretar\u00eda General de Industria y de la Peque\u00f1a y Mediana Empresa, han creado la herramienta de autodiagn\u00f3stico de actitudes emprendedoras, un instrumento interactivo que permite dar un diagn\u00f3stico a los emprendedores y emprendedoras que cumplimenten un cuestionario y, a continuaci\u00f3n, ofrecer al emprendedor y emprendedora una serie de recomendaciones que le ayudar\u00e1n a estar preparado para iniciar su proyecto.  El n\u00facleo del sistema es un cuestionario de 25 preguntas cerradas, distribuidas en siete caracter\u00edsticas del emprendedor\/a (motivaci\u00f3n, iniciativa y energ\u00eda personal, perfil psicol\u00f3gico, capacidad de relaci\u00f3n, capacidad de an\u00e1lisis, innovaci\u00f3n y creatividad y propensi\u00f3n al riesgo).  Para poder utilizar esta herramienta gratuita, es necesario identificarse con su nombre de usuario y contrase\u00f1a en la siguiente direcci\u00f3n: http:\/\/www.ipyme.org\/es-ES\/DecisionEmprender\/Paginas\/AutodiagnosticoActitudesEmprendedoras.aspx\" target=\"_blank\">:\/\/www.ipyme.org\/es-ES\/DecisionEmprender\/Paginas\/AutodiagnosticoActitudesEmprendedoras.aspx<\/a><\/p>\n\n\n\n<blockquote class=\"wp-block-quote is-layout-flow wp-block-quote-is-layout-flow\"><p>Fuente:<\/p><cite>iPyme, Direcci\u00f3n General de Industria y de la Peque\u00f1a y Mediana Empresa.<\/cite><\/blockquote>\n","protected":false},"excerpt":{"rendered":"<p>El Ministerio de Industria, Comercio y Turismo a trav\u00e9s de la Secretar\u00eda General de Industria y de la Peque\u00f1a y Mediana Empresa, han creado la herramienta de autodiagn\u00f3stico de actitudes emprendedoras, un instrumento interactivo que permite dar un diagn\u00f3stico a los emprendedores y emprendedoras que cumplimenten un cuestionario y, a continuaci\u00f3n, ofrecer al emprendedor y [&hellip;]<\/p>\n","protected":false},"author":4,"featured_media":4541,"comment_status":"closed","ping_status":"closed","sticky":false,"template":"","format":"standard","meta":{"_acf_changed":false,"footnotes":""},"categories":[3],"tags":[34,144,72,25],"class_list":["post-4349","post","type-post","status-publish","format-standard","has-post-thumbnail","hentry","category-noticias-crn-carpinteria-y-madera","tag-somoscrn","tag-autodiagnostico","tag-emprendimiento-2","tag-escuela"],"acf":[],"yoast_head":"<!-- This site is optimized with the Yoast SEO plugin v25.3 - https:\/\/yoast.com\/wordpress\/plugins\/seo\/ -->\n<title>Autodiagn\u00f3stico de actitudes emprendedoras - Escuelas CRN<\/title>\n<meta name=\"robots\" content=\"index, follow, max-snippet:-1, max-image-preview:large, max-video-preview:-1\" \/>\n<link rel=\"canonical\" href=\"https:\/\/ws054.juntadeandalucia.es\/crnandalucia\/autodiagnostico-de-actitudes-emprendedoras\/\" \/>\n<meta property=\"og:locale\" content=\"es_ES\" \/>\n<meta property=\"og:type\" content=\"article\" \/>\n<meta property=\"og:title\" content=\"Autodiagn\u00f3stico de actitudes emprendedoras - Escuelas CRN\" \/>\n<meta property=\"og:description\" content=\"El Ministerio de Industria, Comercio y Turismo a trav\u00e9s de la Secretar\u00eda General de Industria y de la Peque\u00f1a y Mediana Empresa, han creado la herramienta de autodiagn\u00f3stico de actitudes emprendedoras, un instrumento interactivo que permite dar un diagn\u00f3stico a los emprendedores y emprendedoras que cumplimenten un cuestionario y, a continuaci\u00f3n, ofrecer al emprendedor y [&hellip;]\" \/>\n<meta property=\"og:url\" content=\"https:\/\/ws054.juntadeandalucia.es\/crnandalucia\/autodiagnostico-de-actitudes-emprendedoras\/\" \/>\n<meta property=\"og:site_name\" content=\"Escuelas CRN\" \/>\n<meta property=\"article:published_time\" content=\"2021-08-26T07:36:47+00:00\" \/>\n<meta property=\"article:modified_time\" content=\"2021-08-30T09:30:48+00:00\" \/>\n<meta property=\"og:image\" content=\"https:\/\/ws054.juntadeandalucia.es\/crnandalucia\/wp-content\/uploads\/2021\/08\/autodiagnostico_emprendedor.png\" \/>\n\t<meta property=\"og:image:width\" content=\"1647\" \/>\n\t<meta property=\"og:image:height\" content=\"1163\" \/>\n\t<meta property=\"og:image:type\" content=\"image\/png\" \/>\n<meta name=\"author\" content=\"CRN-Carpinteria\" \/>\n<meta name=\"twitter:card\" content=\"summary_large_image\" \/>\n<meta name=\"twitter:label1\" content=\"Escrito por\" \/>\n\t<meta name=\"twitter:data1\" content=\"CRN-Carpinteria\" \/>\n\t<meta name=\"twitter:label2\" content=\"Tiempo de lectura\" \/>\n\t<meta name=\"twitter:data2\" content=\"1 minuto\" \/>\n<script type=\"application\/ld+json\" class=\"yoast-schema-graph\">{\"@context\":\"https:\/\/schema.org\",\"@graph\":[{\"@type\":\"WebPage\",\"@id\":\"https:\/\/ws054.juntadeandalucia.es\/crnandalucia\/autodiagnostico-de-actitudes-emprendedoras\/\",\"url\":\"https:\/\/ws054.juntadeandalucia.es\/crnandalucia\/autodiagnostico-de-actitudes-emprendedoras\/\",\"name\":\"Autodiagn\u00f3stico de actitudes emprendedoras - Escuelas CRN\",\"isPartOf\":{\"@id\":\"https:\/\/ws054.juntadeandalucia.es\/crnandalucia\/#website\"},\"primaryImageOfPage\":{\"@id\":\"https:\/\/ws054.juntadeandalucia.es\/crnandalucia\/autodiagnostico-de-actitudes-emprendedoras\/#primaryimage\"},\"image\":{\"@id\":\"https:\/\/ws054.juntadeandalucia.es\/crnandalucia\/autodiagnostico-de-actitudes-emprendedoras\/#primaryimage\"},\"thumbnailUrl\":\"https:\/\/ws054.juntadeandalucia.es\/crnandalucia\/wp-content\/uploads\/2021\/08\/autodiagnostico_emprendedor.png\",\"datePublished\":\"2021-08-26T07:36:47+00:00\",\"dateModified\":\"2021-08-30T09:30:48+00:00\",\"author\":{\"@id\":\"https:\/\/ws054.juntadeandalucia.es\/crnandalucia\/#\/schema\/person\/18507a1f1c557d6720560c0b95aa579c\"},\"breadcrumb\":{\"@id\":\"https:\/\/ws054.juntadeandalucia.es\/crnandalucia\/autodiagnostico-de-actitudes-emprendedoras\/#breadcrumb\"},\"inLanguage\":\"es\",\"potentialAction\":[{\"@type\":\"ReadAction\",\"target\":[\"https:\/\/ws054.juntadeandalucia.es\/crnandalucia\/autodiagnostico-de-actitudes-emprendedoras\/\"]}]},{\"@type\":\"ImageObject\",\"inLanguage\":\"es\",\"@id\":\"https:\/\/ws054.juntadeandalucia.es\/crnandalucia\/autodiagnostico-de-actitudes-emprendedoras\/#primaryimage\",\"url\":\"https:\/\/ws054.juntadeandalucia.es\/crnandalucia\/wp-content\/uploads\/2021\/08\/autodiagnostico_emprendedor.png\",\"contentUrl\":\"https:\/\/ws054.juntadeandalucia.es\/crnandalucia\/wp-content\/uploads\/2021\/08\/autodiagnostico_emprendedor.png\",\"width\":1647,\"height\":1163,\"caption\":\"autodiagnostico emprendedor\"},{\"@type\":\"BreadcrumbList\",\"@id\":\"https:\/\/ws054.juntadeandalucia.es\/crnandalucia\/autodiagnostico-de-actitudes-emprendedoras\/#breadcrumb\",\"itemListElement\":[{\"@type\":\"ListItem\",\"position\":1,\"name\":\"Portada\",\"item\":\"https:\/\/ws054.juntadeandalucia.es\/crnandalucia\/\"},{\"@type\":\"ListItem\",\"position\":2,\"name\":\"Autodiagn\u00f3stico de actitudes emprendedoras\"}]},{\"@type\":\"WebSite\",\"@id\":\"https:\/\/ws054.juntadeandalucia.es\/crnandalucia\/#website\",\"url\":\"https:\/\/ws054.juntadeandalucia.es\/crnandalucia\/\",\"name\":\"Escuelas CRN\",\"description\":\"\",\"potentialAction\":[{\"@type\":\"SearchAction\",\"target\":{\"@type\":\"EntryPoint\",\"urlTemplate\":\"https:\/\/ws054.juntadeandalucia.es\/crnandalucia\/?s={search_term_string}\"},\"query-input\":{\"@type\":\"PropertyValueSpecification\",\"valueRequired\":true,\"valueName\":\"search_term_string\"}}],\"inLanguage\":\"es\"},{\"@type\":\"Person\",\"@id\":\"https:\/\/ws054.juntadeandalucia.es\/crnandalucia\/#\/schema\/person\/18507a1f1c557d6720560c0b95aa579c\",\"name\":\"CRN-Carpinteria\",\"image\":{\"@type\":\"ImageObject\",\"inLanguage\":\"es\",\"@id\":\"https:\/\/ws054.juntadeandalucia.es\/crnandalucia\/#\/schema\/person\/image\/\",\"url\":\"https:\/\/secure.gravatar.com\/avatar\/f12e6457226c2c783ce0f288254d015da501299f09d3dcebbb25d0d5cc90c382?s=96&d=mm&r=g\",\"contentUrl\":\"https:\/\/secure.gravatar.com\/avatar\/f12e6457226c2c783ce0f288254d015da501299f09d3dcebbb25d0d5cc90c382?s=96&d=mm&r=g\",\"caption\":\"CRN-Carpinteria\"},\"url\":\"https:\/\/ws054.juntadeandalucia.es\/crnandalucia\/author\/crn-carpinteria\/\"}]}<\/script>\n<!-- \/ Yoast SEO plugin. -->","yoast_head_json":{"title":"Autodiagn\u00f3stico de actitudes emprendedoras - Escuelas CRN","robots":{"index":"index","follow":"follow","max-snippet":"max-snippet:-1","max-image-preview":"max-image-preview:large","max-video-preview":"max-video-preview:-1"},"canonical":"https:\/\/ws054.juntadeandalucia.es\/crnandalucia\/autodiagnostico-de-actitudes-emprendedoras\/","og_locale":"es_ES","og_type":"article","og_title":"Autodiagn\u00f3stico de actitudes emprendedoras - Escuelas CRN","og_description":"El Ministerio de Industria, Comercio y Turismo a trav\u00e9s de la Secretar\u00eda General de Industria y de la Peque\u00f1a y Mediana Empresa, han creado la herramienta de autodiagn\u00f3stico de actitudes emprendedoras, un instrumento interactivo que permite dar un diagn\u00f3stico a los emprendedores y emprendedoras que cumplimenten un cuestionario y, a continuaci\u00f3n, ofrecer al emprendedor y [&hellip;]","og_url":"https:\/\/ws054.juntadeandalucia.es\/crnandalucia\/autodiagnostico-de-actitudes-emprendedoras\/","og_site_name":"Escuelas CRN","article_published_time":"2021-08-26T07:36:47+00:00","article_modified_time":"2021-08-30T09:30:48+00:00","og_image":[{"width":1647,"height":1163,"url":"https:\/\/ws054.juntadeandalucia.es\/crnandalucia\/wp-content\/uploads\/2021\/08\/autodiagnostico_emprendedor.png","type":"image\/png"}],"author":"CRN-Carpinteria","twitter_card":"summary_large_image","twitter_misc":{"Escrito por":"CRN-Carpinteria","Tiempo de lectura":"1 minuto"},"schema":{"@context":"https:\/\/schema.org","@graph":[{"@type":"WebPage","@id":"https:\/\/ws054.juntadeandalucia.es\/crnandalucia\/autodiagnostico-de-actitudes-emprendedoras\/","url":"https:\/\/ws054.juntadeandalucia.es\/crnandalucia\/autodiagnostico-de-actitudes-emprendedoras\/","name":"Autodiagn\u00f3stico de actitudes emprendedoras - Escuelas CRN","isPartOf":{"@id":"https:\/\/ws054.juntadeandalucia.es\/crnandalucia\/#website"},"primaryImageOfPage":{"@id":"https:\/\/ws054.juntadeandalucia.es\/crnandalucia\/autodiagnostico-de-actitudes-emprendedoras\/#primaryimage"},"image":{"@id":"https:\/\/ws054.juntadeandalucia.es\/crnandalucia\/autodiagnostico-de-actitudes-emprendedoras\/#primaryimage"},"thumbnailUrl":"https:\/\/ws054.juntadeandalucia.es\/crnandalucia\/wp-content\/uploads\/2021\/08\/autodiagnostico_emprendedor.png","datePublished":"2021-08-26T07:36:47+00:00","dateModified":"2021-08-30T09:30:48+00:00","author":{"@id":"https:\/\/ws054.juntadeandalucia.es\/crnandalucia\/#\/schema\/person\/18507a1f1c557d6720560c0b95aa579c"},"breadcrumb":{"@id":"https:\/\/ws054.juntadeandalucia.es\/crnandalucia\/autodiagnostico-de-actitudes-emprendedoras\/#breadcrumb"},"inLanguage":"es","potentialAction":[{"@type":"ReadAction","target":["https:\/\/ws054.juntadeandalucia.es\/crnandalucia\/autodiagnostico-de-actitudes-emprendedoras\/"]}]},{"@type":"ImageObject","inLanguage":"es","@id":"https:\/\/ws054.juntadeandalucia.es\/crnandalucia\/autodiagnostico-de-actitudes-emprendedoras\/#primaryimage","url":"https:\/\/ws054.juntadeandalucia.es\/crnandalucia\/wp-content\/uploads\/2021\/08\/autodiagnostico_emprendedor.png","contentUrl":"https:\/\/ws054.juntadeandalucia.es\/crnandalucia\/wp-content\/uploads\/2021\/08\/autodiagnostico_emprendedor.png","width":1647,"height":1163,"caption":"autodiagnostico emprendedor"},{"@type":"BreadcrumbList","@id":"https:\/\/ws054.juntadeandalucia.es\/crnandalucia\/autodiagnostico-de-actitudes-emprendedoras\/#breadcrumb","itemListElement":[{"@type":"ListItem","position":1,"name":"Portada","item":"https:\/\/ws054.juntadeandalucia.es\/crnandalucia\/"},{"@type":"ListItem","position":2,"name":"Autodiagn\u00f3stico de actitudes emprendedoras"}]},{"@type":"WebSite","@id":"https:\/\/ws054.juntadeandalucia.es\/crnandalucia\/#website","url":"https:\/\/ws054.juntadeandalucia.es\/crnandalucia\/","name":"Escuelas CRN","description":"","potentialAction":[{"@type":"SearchAction","target":{"@type":"EntryPoint","urlTemplate":"https:\/\/ws054.juntadeandalucia.es\/crnandalucia\/?s={search_term_string}"},"query-input":{"@type":"PropertyValueSpecification","valueRequired":true,"valueName":"search_term_string"}}],"inLanguage":"es"},{"@type":"Person","@id":"https:\/\/ws054.juntadeandalucia.es\/crnandalucia\/#\/schema\/person\/18507a1f1c557d6720560c0b95aa579c","name":"CRN-Carpinteria","image":{"@type":"ImageObject","inLanguage":"es","@id":"https:\/\/ws054.juntadeandalucia.es\/crnandalucia\/#\/schema\/person\/image\/","url":"https:\/\/secure.gravatar.com\/avatar\/f12e6457226c2c783ce0f288254d015da501299f09d3dcebbb25d0d5cc90c382?s=96&d=mm&r=g","contentUrl":"https:\/\/secure.gravatar.com\/avatar\/f12e6457226c2c783ce0f288254d015da501299f09d3dcebbb25d0d5cc90c382?s=96&d=mm&r=g","caption":"CRN-Carpinteria"},"url":"https:\/\/ws054.juntadeandalucia.es\/crnandalucia\/author\/crn-carpinteria\/"}]}},"_links":{"self":[{"href":"https:\/\/ws054.juntadeandalucia.es\/crnandalucia\/wp-json\/wp\/v2\/posts\/4349","targetHints":{"allow":["GET"]}}],"collection":[{"href":"https:\/\/ws054.juntadeandalucia.es\/crnandalucia\/wp-json\/wp\/v2\/posts"}],"about":[{"href":"https:\/\/ws054.juntadeandalucia.es\/crnandalucia\/wp-json\/wp\/v2\/types\/post"}],"author":[{"embeddable":true,"href":"https:\/\/ws054.juntadeandalucia.es\/crnandalucia\/wp-json\/wp\/v2\/users\/4"}],"replies":[{"embeddable":true,"href":"https:\/\/ws054.juntadeandalucia.es\/crnandalucia\/wp-json\/wp\/v2\/comments?post=4349"}],"version-history":[{"count":2,"href":"https:\/\/ws054.juntadeandalucia.es\/crnandalucia\/wp-json\/wp\/v2\/posts\/4349\/revisions"}],"predecessor-version":[{"id":4352,"href":"https:\/\/ws054.juntadeandalucia.es\/crnandalucia\/wp-json\/wp\/v2\/posts\/4349\/revisions\/4352"}],"wp:featuredmedia":[{"embeddable":true,"href":"https:\/\/ws054.juntadeandalucia.es\/crnandalucia\/wp-json\/wp\/v2\/media\/4541"}],"wp:attachment":[{"href":"https:\/\/ws054.juntadeandalucia.es\/crnandalucia\/wp-json\/wp\/v2\/media?parent=4349"}],"wp:term":[{"taxonomy":"category","embeddable":true,"href":"https:\/\/ws054.juntadeandalucia.es\/crnandalucia\/wp-json\/wp\/v2\/categories?post=4349"},{"taxonomy":"post_tag","embeddable":true,"href":"https:\/\/ws054.juntadeandalucia.es\/crnandalucia\/wp-json\/wp\/v2\/tags?post=4349"}],"curies":[{"name":"wp","href":"https:\/\/api.w.org\/{rel}","templated":true}]}}