{"id":26730,"date":"2026-07-23T12:58:09","date_gmt":"2026-07-23T10:58:09","guid":{"rendered":"https:\/\/ws054.juntadeandalucia.es\/crnandalucia\/?p=26730"},"modified":"2026-07-23T12:58:09","modified_gmt":"2026-07-23T10:58:09","slug":"ii-encuentro-granada-guitarra","status":"publish","type":"post","link":"https:\/\/ws054.juntadeandalucia.es\/crnandalucia\/ii-encuentro-granada-guitarra\/","title":{"rendered":"El Centro Albayz\u00edn re\u00fane a destacados profesionales nacionales e internacionales en el II Encuentro Profesional \u00abGranada por la Guitarra\u00bb"},"content":{"rendered":"\t\t<div data-elementor-type=\"wp-post\" data-elementor-id=\"26730\" class=\"elementor elementor-26730\" data-elementor-post-type=\"post\">\n\t\t\t\t\t\t<section class=\"elementor-section elementor-top-section elementor-element elementor-element-a91b4b3 elementor-section-boxed elementor-section-height-default elementor-section-height-default\" data-id=\"a91b4b3\" data-element_type=\"section\">\n\t\t\t\t\t\t<div class=\"elementor-container elementor-column-gap-default\">\n\t\t\t\t\t<div class=\"elementor-column elementor-col-100 elementor-top-column elementor-element elementor-element-aafc689\" data-id=\"aafc689\" data-element_type=\"column\">\n\t\t\t<div class=\"elementor-widget-wrap elementor-element-populated\">\n\t\t\t\t\t\t<div class=\"elementor-element elementor-element-65a7794 elementor-widget elementor-widget-text-editor\" data-id=\"65a7794\" data-element_type=\"widget\" data-widget_type=\"text-editor.default\">\n\t\t\t\t<div class=\"elementor-widget-container\">\n\t\t\t\t\t\t\t\t\t<h4><strong>El encuentro, organizado junto a la European Guitar Foundation, se celebrar\u00e1 el pr\u00f3ximo 29 de julio en el marco del X Granada Guitar Festival Antonio Mar\u00edn 2026.<\/strong><\/h4><p>La Escuela de Formaci\u00f3n en Artesan\u00eda, Restauraci\u00f3n y Rehabilitaci\u00f3n del Patrimonio Hist\u00f3rico, Art\u00edstico y Cultural <strong>\u00abAlbayz\u00edn\u00bb<\/strong>, Centro de Referencia Nacional de Artesan\u00eda y Escuela de Formaci\u00f3n del Servicio Andaluz de Empleo (SAE), organiza junto a la <strong>European Guitar Foundation<\/strong> el <strong>II Encuentro Profesional \u00abGranada por la Guitarra\u00bb<\/strong>, que tendr\u00e1 lugar el pr\u00f3ximo <strong>29 de julio de 2026<\/strong>, en el sal\u00f3n de actos del Centro Albayz\u00edn (Placeta de la Concepci\u00f3n, 1. Granada).<\/p><p>La jornada se enmarca en la programaci\u00f3n del <strong>X Granada Guitar Festival Antonio Mar\u00edn<\/strong>, uno de los principales encuentros internacionales dedicados a la guitarra espa\u00f1ola y a su tradici\u00f3n constructiva.<\/p><p>El encuentro nace con el objetivo de crear un espacio de reflexi\u00f3n, intercambio de experiencias y generaci\u00f3n de conocimiento en torno a la guitarrer\u00eda artesanal, un oficio que forma parte del patrimonio cultural y que sit\u00faa a Granada como uno de los grandes referentes internacionales en la construcci\u00f3n de guitarras.<\/p><p>A trav\u00e9s de mesas redondas y di\u00e1logos profesionales, luthieres, guitarreros, int\u00e9rpretes, empresarios y especialistas nacionales e internacionales abordar\u00e1n algunos de los principales retos del sector: la situaci\u00f3n actual de la guitarrer\u00eda artesanal espa\u00f1ola, la internacionalizaci\u00f3n, la transmisi\u00f3n del oficio, la proyecci\u00f3n profesional de los luthieres o la relaci\u00f3n entre el constructor y el guitarrista.<\/p><p>La jornada comenzar\u00e1 a las <strong>9:30 horas<\/strong> con la bienvenida institucional y continuar\u00e1 con un completo programa de ponencias y di\u00e1logos hasta las <strong>13:00 horas<\/strong>.<\/p><p>Entre los participantes figuran los guitarreros<strong> Manuel C\u00e1ceres, Jos\u00e9 Mar\u00edn y Javier Mengual<\/strong>; <strong>Valer\u00eda Torregrosa<\/strong>, en representaci\u00f3n de <strong>Guitarras Alhambra<\/strong>; <strong>David Collett<\/strong>, presidente de <strong>Guitar Salon International<\/strong>; <strong>Edmund Bl\u00f6chinger<\/strong>, CEO de <strong>Noble Guitars<\/strong>; y el guitarrista <strong>Pepe Romero<\/strong>, una de las figuras m\u00e1s relevantes de la guitarra cl\u00e1sica a nivel internacional. Las distintas sesiones estar\u00e1n moderadas y conducidas por <strong>Antonio Su\u00e1rez<\/strong>, director del Centro de Referencia Nacional de Artesan\u00eda; <strong>Mar\u00eda Jos\u00e9 Calvo, <\/strong>responsable de I+D+i del Centro de referencia Nacional de Artesan\u00eda ; <strong>Stephen Hill, <\/strong>guitarrero; y <strong>Vicente Coves<\/strong>, presidente de la <strong>European Guitar Foundation<\/strong>.<\/p><h4><strong>Un espacio para el di\u00e1logo y el futuro de la guitarrer\u00eda artesanal<\/strong><\/h4><p>La celebraci\u00f3n de este encuentro responde al compromiso del Centro Albayz\u00edn, como <strong>Centro de Referencia Nacional de Artesan\u00eda<\/strong>, de impulsar la innovaci\u00f3n, la transferencia de conocimiento y la cualificaci\u00f3n profesional en los distintos oficios artesanos.<\/p><p>La guitarrer\u00eda constituye uno de los sectores artesanos de mayor reconocimiento internacional de Andaluc\u00eda y, especialmente, de Granada, donde generaciones de maestros guitarreros han consolidado una tradici\u00f3n reconocida por la calidad de sus instrumentos y por su estrecha vinculaci\u00f3n con la m\u00fasica y la cultura.<\/p><p>Con iniciativas como este encuentro profesional se favorece el intercambio de experiencias entre profesionales de reconocido prestigio, se fortalecen las redes de colaboraci\u00f3n nacionales e internacionales y se contribuye a visibilizar las oportunidades de futuro de un oficio que combina conocimiento artesanal, innovaci\u00f3n y excelencia.<\/p><p>La actividad est\u00e1 dirigida a <strong>luthieres y constructores de instrumentos musicales, profesionales del sector artesanal, alumnado, investigadores, m\u00fasicos, entidades vinculadas a la cultura y la artesan\u00eda<\/strong>, as\u00ed como a cualquier persona interesada en la construcci\u00f3n artesanal de instrumentos musicales.<\/p><p>La <strong>entrada es libre hasta completar aforo<\/strong> y el encuentro podr\u00e1 seguirse tambi\u00e9n <strong>en directo por streaming<\/strong>, facilitando as\u00ed el acceso a profesionales y personas interesadas desde cualquier lugar.<\/p>\t\t\t\t\t\t\t\t<\/div>\n\t\t\t\t<\/div>\n\t\t\t\t<div class=\"elementor-element elementor-element-72b9f2c elementor-widget elementor-widget-text-editor\" data-id=\"72b9f2c\" data-element_type=\"widget\" data-widget_type=\"text-editor.default\">\n\t\t\t\t<div class=\"elementor-widget-container\">\n\t\t\t\t\t\t\t\t\t<p><strong>Esta actividad forma parte del Plan de Trabajo Anual 2025 del Centro de Referencia Nacional de Artesan\u00eda y est\u00e1 financiada por el Ministerio de Educaci\u00f3n, Formaci\u00f3n Profesional y Deportes.<\/strong><\/p>\t\t\t\t\t\t\t\t<\/div>\n\t\t\t\t<\/div>\n\t\t\t\t<div class=\"elementor-element elementor-element-9e53f85 elementor-widget elementor-widget-image\" data-id=\"9e53f85\" data-element_type=\"widget\" data-widget_type=\"image.default\">\n\t\t\t\t<div class=\"elementor-widget-container\">\n\t\t\t\t\t\t\t\t\t\t\t\t\t\t\t<img fetchpriority=\"high\" decoding=\"async\" width=\"576\" height=\"1024\" src=\"https:\/\/ws054.juntadeandalucia.es\/crnandalucia\/wp-content\/uploads\/2026\/07\/Cartel-Redes-CRN-576x1024.jpg\" class=\"attachment-large size-large wp-image-26733\" alt=\"\" srcset=\"https:\/\/ws054.juntadeandalucia.es\/crnandalucia\/wp-content\/uploads\/2026\/07\/Cartel-Redes-CRN-576x1024.jpg 576w, https:\/\/ws054.juntadeandalucia.es\/crnandalucia\/wp-content\/uploads\/2026\/07\/Cartel-Redes-CRN-169x300.jpg 169w, https:\/\/ws054.juntadeandalucia.es\/crnandalucia\/wp-content\/uploads\/2026\/07\/Cartel-Redes-CRN-768x1365.jpg 768w, https:\/\/ws054.juntadeandalucia.es\/crnandalucia\/wp-content\/uploads\/2026\/07\/Cartel-Redes-CRN-864x1536.jpg 864w, https:\/\/ws054.juntadeandalucia.es\/crnandalucia\/wp-content\/uploads\/2026\/07\/Cartel-Redes-CRN.jpg 1080w\" sizes=\"(max-width: 576px) 100vw, 576px\" \/>\t\t\t\t\t\t\t\t\t\t\t\t\t\t\t<\/div>\n\t\t\t\t<\/div>\n\t\t\t\t\t<\/div>\n\t\t<\/div>\n\t\t\t\t\t<\/div>\n\t\t<\/section>\n\t\t\t\t<\/div>\n\t\t","protected":false},"excerpt":{"rendered":"<p>El encuentro, organizado junto a la European Guitar Foundation, se celebrar\u00e1 el pr\u00f3ximo 29 de julio en el marco del X Granada Guitar Festival Antonio Mar\u00edn 2026.<\/p>\n","protected":false},"author":3,"featured_media":26732,"comment_status":"closed","ping_status":"closed","sticky":false,"template":"","format":"standard","meta":{"_acf_changed":false,"footnotes":""},"categories":[1],"tags":[653,876,1257,317,1028],"class_list":["post-26730","post","type-post","status-publish","format-standard","has-post-thumbnail","hentry","category-crn-artesania-noticias","tag-encuentro-2","tag-granada-2","tag-guitarra","tag-internacional","tag-nacional"],"acf":[],"yoast_head":"<!-- This site is optimized with the Yoast SEO plugin v25.3 - https:\/\/yoast.com\/wordpress\/plugins\/seo\/ -->\n<title>El Centro Albayz\u00edn re\u00fane a destacados profesionales nacionales e internacionales en el II Encuentro Profesional \u00abGranada por la Guitarra\u00bb - Escuelas CRN<\/title>\n<meta name=\"robots\" content=\"index, follow, max-snippet:-1, max-image-preview:large, max-video-preview:-1\" \/>\n<link rel=\"canonical\" href=\"https:\/\/ws054.juntadeandalucia.es\/crnandalucia\/ii-encuentro-granada-guitarra\/\" \/>\n<meta property=\"og:locale\" content=\"es_ES\" \/>\n<meta property=\"og:type\" content=\"article\" \/>\n<meta property=\"og:title\" content=\"El Centro Albayz\u00edn re\u00fane a destacados profesionales nacionales e internacionales en el II Encuentro Profesional \u00abGranada por la Guitarra\u00bb - Escuelas CRN\" \/>\n<meta property=\"og:description\" content=\"El encuentro, organizado junto a la European Guitar Foundation, se celebrar\u00e1 el pr\u00f3ximo 29 de julio en el marco del X Granada Guitar Festival Antonio Mar\u00edn 2026.\" \/>\n<meta property=\"og:url\" content=\"https:\/\/ws054.juntadeandalucia.es\/crnandalucia\/ii-encuentro-granada-guitarra\/\" \/>\n<meta property=\"og:site_name\" content=\"Escuelas CRN\" \/>\n<meta property=\"article:published_time\" content=\"2026-07-23T10:58:09+00:00\" \/>\n<meta property=\"og:image\" content=\"https:\/\/ws054.juntadeandalucia.es\/crnandalucia\/wp-content\/uploads\/2026\/07\/Streaming-Encuentro-por-la-Guitarra-1920x1080-1.jpg\" \/>\n\t<meta property=\"og:image:width\" content=\"1920\" \/>\n\t<meta property=\"og:image:height\" content=\"1080\" \/>\n\t<meta property=\"og:image:type\" content=\"image\/jpeg\" \/>\n<meta name=\"author\" content=\"CRN-Artesania\" \/>\n<meta name=\"twitter:card\" content=\"summary_large_image\" \/>\n<meta name=\"twitter:label1\" content=\"Escrito por\" \/>\n\t<meta name=\"twitter:data1\" content=\"CRN-Artesania\" \/>\n\t<meta name=\"twitter:label2\" content=\"Tiempo de lectura\" \/>\n\t<meta name=\"twitter:data2\" content=\"3 minutos\" \/>\n<script type=\"application\/ld+json\" class=\"yoast-schema-graph\">{\"@context\":\"https:\/\/schema.org\",\"@graph\":[{\"@type\":\"WebPage\",\"@id\":\"https:\/\/ws054.juntadeandalucia.es\/crnandalucia\/ii-encuentro-granada-guitarra\/\",\"url\":\"https:\/\/ws054.juntadeandalucia.es\/crnandalucia\/ii-encuentro-granada-guitarra\/\",\"name\":\"El Centro Albayz\u00edn re\u00fane a destacados profesionales nacionales e internacionales en el II Encuentro Profesional \u00abGranada por la Guitarra\u00bb - Escuelas CRN\",\"isPartOf\":{\"@id\":\"https:\/\/ws054.juntadeandalucia.es\/crnandalucia\/#website\"},\"primaryImageOfPage\":{\"@id\":\"https:\/\/ws054.juntadeandalucia.es\/crnandalucia\/ii-encuentro-granada-guitarra\/#primaryimage\"},\"image\":{\"@id\":\"https:\/\/ws054.juntadeandalucia.es\/crnandalucia\/ii-encuentro-granada-guitarra\/#primaryimage\"},\"thumbnailUrl\":\"https:\/\/ws054.juntadeandalucia.es\/crnandalucia\/wp-content\/uploads\/2026\/07\/Streaming-Encuentro-por-la-Guitarra-1920x1080-1.jpg\",\"datePublished\":\"2026-07-23T10:58:09+00:00\",\"author\":{\"@id\":\"https:\/\/ws054.juntadeandalucia.es\/crnandalucia\/#\/schema\/person\/b07dcf44811daf38b6dabf1daed9e572\"},\"breadcrumb\":{\"@id\":\"https:\/\/ws054.juntadeandalucia.es\/crnandalucia\/ii-encuentro-granada-guitarra\/#breadcrumb\"},\"inLanguage\":\"es\",\"potentialAction\":[{\"@type\":\"ReadAction\",\"target\":[\"https:\/\/ws054.juntadeandalucia.es\/crnandalucia\/ii-encuentro-granada-guitarra\/\"]}]},{\"@type\":\"ImageObject\",\"inLanguage\":\"es\",\"@id\":\"https:\/\/ws054.juntadeandalucia.es\/crnandalucia\/ii-encuentro-granada-guitarra\/#primaryimage\",\"url\":\"https:\/\/ws054.juntadeandalucia.es\/crnandalucia\/wp-content\/uploads\/2026\/07\/Streaming-Encuentro-por-la-Guitarra-1920x1080-1.jpg\",\"contentUrl\":\"https:\/\/ws054.juntadeandalucia.es\/crnandalucia\/wp-content\/uploads\/2026\/07\/Streaming-Encuentro-por-la-Guitarra-1920x1080-1.jpg\",\"width\":1920,\"height\":1080},{\"@type\":\"BreadcrumbList\",\"@id\":\"https:\/\/ws054.juntadeandalucia.es\/crnandalucia\/ii-encuentro-granada-guitarra\/#breadcrumb\",\"itemListElement\":[{\"@type\":\"ListItem\",\"position\":1,\"name\":\"Portada\",\"item\":\"https:\/\/ws054.juntadeandalucia.es\/crnandalucia\/\"},{\"@type\":\"ListItem\",\"position\":2,\"name\":\"El Centro Albayz\u00edn re\u00fane a destacados profesionales nacionales e internacionales en el II Encuentro Profesional \u00abGranada por la Guitarra\u00bb\"}]},{\"@type\":\"WebSite\",\"@id\":\"https:\/\/ws054.juntadeandalucia.es\/crnandalucia\/#website\",\"url\":\"https:\/\/ws054.juntadeandalucia.es\/crnandalucia\/\",\"name\":\"Escuelas CRN\",\"description\":\"\",\"potentialAction\":[{\"@type\":\"SearchAction\",\"target\":{\"@type\":\"EntryPoint\",\"urlTemplate\":\"https:\/\/ws054.juntadeandalucia.es\/crnandalucia\/?s={search_term_string}\"},\"query-input\":{\"@type\":\"PropertyValueSpecification\",\"valueRequired\":true,\"valueName\":\"search_term_string\"}}],\"inLanguage\":\"es\"},{\"@type\":\"Person\",\"@id\":\"https:\/\/ws054.juntadeandalucia.es\/crnandalucia\/#\/schema\/person\/b07dcf44811daf38b6dabf1daed9e572\",\"name\":\"CRN-Artesania\",\"image\":{\"@type\":\"ImageObject\",\"inLanguage\":\"es\",\"@id\":\"https:\/\/ws054.juntadeandalucia.es\/crnandalucia\/#\/schema\/person\/image\/\",\"url\":\"https:\/\/secure.gravatar.com\/avatar\/e8d7e03a793ca7450df952203f6d954e6c20d28b49e90d00bc3d8d1f26a8d873?s=96&d=mm&r=g\",\"contentUrl\":\"https:\/\/secure.gravatar.com\/avatar\/e8d7e03a793ca7450df952203f6d954e6c20d28b49e90d00bc3d8d1f26a8d873?s=96&d=mm&r=g\",\"caption\":\"CRN-Artesania\"},\"url\":\"https:\/\/ws054.juntadeandalucia.es\/crnandalucia\/author\/crn-artesania\/\"}]}<\/script>\n<!-- \/ Yoast SEO plugin. -->","yoast_head_json":{"title":"El Centro Albayz\u00edn re\u00fane a destacados profesionales nacionales e internacionales en el II Encuentro Profesional \u00abGranada por la Guitarra\u00bb - Escuelas CRN","robots":{"index":"index","follow":"follow","max-snippet":"max-snippet:-1","max-image-preview":"max-image-preview:large","max-video-preview":"max-video-preview:-1"},"canonical":"https:\/\/ws054.juntadeandalucia.es\/crnandalucia\/ii-encuentro-granada-guitarra\/","og_locale":"es_ES","og_type":"article","og_title":"El Centro Albayz\u00edn re\u00fane a destacados profesionales nacionales e internacionales en el II Encuentro Profesional \u00abGranada por la Guitarra\u00bb - Escuelas CRN","og_description":"El encuentro, organizado junto a la European Guitar Foundation, se celebrar\u00e1 el pr\u00f3ximo 29 de julio en el marco del X Granada Guitar Festival Antonio Mar\u00edn 2026.","og_url":"https:\/\/ws054.juntadeandalucia.es\/crnandalucia\/ii-encuentro-granada-guitarra\/","og_site_name":"Escuelas CRN","article_published_time":"2026-07-23T10:58:09+00:00","og_image":[{"width":1920,"height":1080,"url":"https:\/\/ws054.juntadeandalucia.es\/crnandalucia\/wp-content\/uploads\/2026\/07\/Streaming-Encuentro-por-la-Guitarra-1920x1080-1.jpg","type":"image\/jpeg"}],"author":"CRN-Artesania","twitter_card":"summary_large_image","twitter_misc":{"Escrito por":"CRN-Artesania","Tiempo de lectura":"3 minutos"},"schema":{"@context":"https:\/\/schema.org","@graph":[{"@type":"WebPage","@id":"https:\/\/ws054.juntadeandalucia.es\/crnandalucia\/ii-encuentro-granada-guitarra\/","url":"https:\/\/ws054.juntadeandalucia.es\/crnandalucia\/ii-encuentro-granada-guitarra\/","name":"El Centro Albayz\u00edn re\u00fane a destacados profesionales nacionales e internacionales en el II Encuentro Profesional \u00abGranada por la Guitarra\u00bb - Escuelas CRN","isPartOf":{"@id":"https:\/\/ws054.juntadeandalucia.es\/crnandalucia\/#website"},"primaryImageOfPage":{"@id":"https:\/\/ws054.juntadeandalucia.es\/crnandalucia\/ii-encuentro-granada-guitarra\/#primaryimage"},"image":{"@id":"https:\/\/ws054.juntadeandalucia.es\/crnandalucia\/ii-encuentro-granada-guitarra\/#primaryimage"},"thumbnailUrl":"https:\/\/ws054.juntadeandalucia.es\/crnandalucia\/wp-content\/uploads\/2026\/07\/Streaming-Encuentro-por-la-Guitarra-1920x1080-1.jpg","datePublished":"2026-07-23T10:58:09+00:00","author":{"@id":"https:\/\/ws054.juntadeandalucia.es\/crnandalucia\/#\/schema\/person\/b07dcf44811daf38b6dabf1daed9e572"},"breadcrumb":{"@id":"https:\/\/ws054.juntadeandalucia.es\/crnandalucia\/ii-encuentro-granada-guitarra\/#breadcrumb"},"inLanguage":"es","potentialAction":[{"@type":"ReadAction","target":["https:\/\/ws054.juntadeandalucia.es\/crnandalucia\/ii-encuentro-granada-guitarra\/"]}]},{"@type":"ImageObject","inLanguage":"es","@id":"https:\/\/ws054.juntadeandalucia.es\/crnandalucia\/ii-encuentro-granada-guitarra\/#primaryimage","url":"https:\/\/ws054.juntadeandalucia.es\/crnandalucia\/wp-content\/uploads\/2026\/07\/Streaming-Encuentro-por-la-Guitarra-1920x1080-1.jpg","contentUrl":"https:\/\/ws054.juntadeandalucia.es\/crnandalucia\/wp-content\/uploads\/2026\/07\/Streaming-Encuentro-por-la-Guitarra-1920x1080-1.jpg","width":1920,"height":1080},{"@type":"BreadcrumbList","@id":"https:\/\/ws054.juntadeandalucia.es\/crnandalucia\/ii-encuentro-granada-guitarra\/#breadcrumb","itemListElement":[{"@type":"ListItem","position":1,"name":"Portada","item":"https:\/\/ws054.juntadeandalucia.es\/crnandalucia\/"},{"@type":"ListItem","position":2,"name":"El Centro Albayz\u00edn re\u00fane a destacados profesionales nacionales e internacionales en el II Encuentro Profesional \u00abGranada por la Guitarra\u00bb"}]},{"@type":"WebSite","@id":"https:\/\/ws054.juntadeandalucia.es\/crnandalucia\/#website","url":"https:\/\/ws054.juntadeandalucia.es\/crnandalucia\/","name":"Escuelas CRN","description":"","potentialAction":[{"@type":"SearchAction","target":{"@type":"EntryPoint","urlTemplate":"https:\/\/ws054.juntadeandalucia.es\/crnandalucia\/?s={search_term_string}"},"query-input":{"@type":"PropertyValueSpecification","valueRequired":true,"valueName":"search_term_string"}}],"inLanguage":"es"},{"@type":"Person","@id":"https:\/\/ws054.juntadeandalucia.es\/crnandalucia\/#\/schema\/person\/b07dcf44811daf38b6dabf1daed9e572","name":"CRN-Artesania","image":{"@type":"ImageObject","inLanguage":"es","@id":"https:\/\/ws054.juntadeandalucia.es\/crnandalucia\/#\/schema\/person\/image\/","url":"https:\/\/secure.gravatar.com\/avatar\/e8d7e03a793ca7450df952203f6d954e6c20d28b49e90d00bc3d8d1f26a8d873?s=96&d=mm&r=g","contentUrl":"https:\/\/secure.gravatar.com\/avatar\/e8d7e03a793ca7450df952203f6d954e6c20d28b49e90d00bc3d8d1f26a8d873?s=96&d=mm&r=g","caption":"CRN-Artesania"},"url":"https:\/\/ws054.juntadeandalucia.es\/crnandalucia\/author\/crn-artesania\/"}]}},"_links":{"self":[{"href":"https:\/\/ws054.juntadeandalucia.es\/crnandalucia\/wp-json\/wp\/v2\/posts\/26730","targetHints":{"allow":["GET"]}}],"collection":[{"href":"https:\/\/ws054.juntadeandalucia.es\/crnandalucia\/wp-json\/wp\/v2\/posts"}],"about":[{"href":"https:\/\/ws054.juntadeandalucia.es\/crnandalucia\/wp-json\/wp\/v2\/types\/post"}],"author":[{"embeddable":true,"href":"https:\/\/ws054.juntadeandalucia.es\/crnandalucia\/wp-json\/wp\/v2\/users\/3"}],"replies":[{"embeddable":true,"href":"https:\/\/ws054.juntadeandalucia.es\/crnandalucia\/wp-json\/wp\/v2\/comments?post=26730"}],"version-history":[{"count":4,"href":"https:\/\/ws054.juntadeandalucia.es\/crnandalucia\/wp-json\/wp\/v2\/posts\/26730\/revisions"}],"predecessor-version":[{"id":26736,"href":"https:\/\/ws054.juntadeandalucia.es\/crnandalucia\/wp-json\/wp\/v2\/posts\/26730\/revisions\/26736"}],"wp:featuredmedia":[{"embeddable":true,"href":"https:\/\/ws054.juntadeandalucia.es\/crnandalucia\/wp-json\/wp\/v2\/media\/26732"}],"wp:attachment":[{"href":"https:\/\/ws054.juntadeandalucia.es\/crnandalucia\/wp-json\/wp\/v2\/media?parent=26730"}],"wp:term":[{"taxonomy":"category","embeddable":true,"href":"https:\/\/ws054.juntadeandalucia.es\/crnandalucia\/wp-json\/wp\/v2\/categories?post=26730"},{"taxonomy":"post_tag","embeddable":true,"href":"https:\/\/ws054.juntadeandalucia.es\/crnandalucia\/wp-json\/wp\/v2\/tags?post=26730"}],"curies":[{"name":"wp","href":"https:\/\/api.w.org\/{rel}","templated":true}]}}