{"id":25787,"date":"2026-04-22T13:40:09","date_gmt":"2026-04-22T11:40:09","guid":{"rendered":"https:\/\/ws054.juntadeandalucia.es\/crnandalucia\/?p=25787"},"modified":"2026-04-22T13:45:36","modified_gmt":"2026-04-22T11:45:36","slug":"estudio-estatal-sector-artesano","status":"publish","type":"post","link":"https:\/\/ws054.juntadeandalucia.es\/crnandalucia\/estudio-estatal-sector-artesano\/","title":{"rendered":"El Centro Albayz\u00edn colabora en la difusi\u00f3n de un estudio estatal sobre la situaci\u00f3n del sector artesano en Espa\u00f1a"},"content":{"rendered":"\t\t<div data-elementor-type=\"wp-post\" data-elementor-id=\"25787\" class=\"elementor elementor-25787\" data-elementor-post-type=\"post\">\n\t\t\t\t\t\t<section class=\"elementor-section elementor-top-section elementor-element elementor-element-eb8b685 elementor-section-boxed elementor-section-height-default elementor-section-height-default\" data-id=\"eb8b685\" data-element_type=\"section\">\n\t\t\t\t\t\t<div class=\"elementor-container elementor-column-gap-default\">\n\t\t\t\t\t<div class=\"elementor-column elementor-col-100 elementor-top-column elementor-element elementor-element-73046cb\" data-id=\"73046cb\" data-element_type=\"column\">\n\t\t\t<div class=\"elementor-widget-wrap elementor-element-populated\">\n\t\t\t\t\t\t<div class=\"elementor-element elementor-element-da3b236 elementor-widget elementor-widget-text-editor\" data-id=\"da3b236\" data-element_type=\"widget\" data-widget_type=\"text-editor.default\">\n\t\t\t\t<div class=\"elementor-widget-container\">\n\t\t\t\t\t\t\t\t\t<p>Desde el Centro Albayz\u00edn, Centro de Referencia Nacional de Artesan\u00eda y Escuela de Formaci\u00f3n del Servicio Andaluz de Empleo, nos sumamos a la difusi\u00f3n del nuevo estudio que est\u00e1 coordinando la entidad EOI-Fundesarte, centrado en analizar la situaci\u00f3n econ\u00f3mica, la competitividad y las tendencias actuales del sector artesano en Espa\u00f1a.<\/p><p>El objetivo de esta investigaci\u00f3n es actualizar el diagn\u00f3stico del sector para que las futuras pol\u00edticas p\u00fablicas, programas de apoyo y l\u00edneas de financiaci\u00f3n puedan adaptarse mejor a la realidad de talleres, entidades y profesionales de la artesan\u00eda.<\/p><p>Para lograr una muestra representativa, se ha habilitado la participaci\u00f3n a trav\u00e9s de tres cuestionarios diferenciados seg\u00fan el perfil.<\/p><p>Pincha a continuaci\u00f3n para acceder a la encuesta seg\u00fan tu caso:<\/p><ul><li><a href=\"https:\/\/infyde.cawi.idsurvey.com\/(S(n0ifgr0wgl32mssgkhyamukb))\/survey\/pages.cshtml\" target=\"_blank\"><strong>Artesanos\/as y talleres<\/strong><\/a><\/li><li><a href=\"https:\/\/infyde.cawi.idsurvey.com\/(S(dfitkamfdirpvqx43k1qkmut))\/survey\/pages.cshtml\" target=\"_blank\"><strong>Centros y entidades de formaci\u00f3n<\/strong><\/a><\/li><li><a href=\"https:\/\/infyde.cawi.idsurvey.com\/(S(x2k4g1vhm43hboqhyeeyjvpp))\/survey\/pages.cshtml\" target=\"_blank\"><strong>Asociaciones sectoriales<\/strong><\/a><\/li><\/ul><p>Cada cuestionario tiene un tiempo estimado de respuesta de entre <strong>12 y 15 minutos<\/strong> y est\u00e1 dise\u00f1ado para recoger informaci\u00f3n clave sobre la actividad, los retos actuales y las perspectivas del sector.<\/p><ul><li>El plazo para participar estar\u00e1 abierto hasta el <strong>28 de abril de 2026<\/strong>.<\/li><\/ul><p>Animamos a profesionales, entidades y asociaciones del \u00e1mbito artesanal a participar, contribuyendo as\u00ed a construir una visi\u00f3n m\u00e1s precisa y \u00fatil del sector.<\/p>\t\t\t\t\t\t\t\t<\/div>\n\t\t\t\t<\/div>\n\t\t\t\t\t<\/div>\n\t\t<\/div>\n\t\t\t\t\t<\/div>\n\t\t<\/section>\n\t\t\t\t<\/div>\n\t\t","protected":false},"excerpt":{"rendered":"<p>El objetivo de esta investigaci\u00f3n es actualizar el diagn\u00f3stico del sector para que las futuras pol\u00edticas p\u00fablicas, programas de apoyo y l\u00edneas de financiaci\u00f3n puedan adaptarse mejor a la realidad de talleres, entidades y profesionales de la artesan\u00eda.<\/p>\n","protected":false},"author":3,"featured_media":25789,"comment_status":"closed","ping_status":"closed","sticky":false,"template":"","format":"standard","meta":{"_acf_changed":false,"footnotes":""},"categories":[1],"tags":[160,56,1193,1191,1192],"class_list":["post-25787","post","type-post","status-publish","format-standard","has-post-thumbnail","hentry","category-crn-artesania-noticias","tag-espana","tag-artesania-2","tag-crnarteania","tag-estudio","tag-situacion"],"acf":[],"yoast_head":"<!-- This site is optimized with the Yoast SEO plugin v25.3 - https:\/\/yoast.com\/wordpress\/plugins\/seo\/ -->\n<title>El Centro Albayz\u00edn colabora en la difusi\u00f3n de un estudio estatal sobre la situaci\u00f3n del sector artesano en Espa\u00f1a - Escuelas CRN<\/title>\n<meta name=\"robots\" content=\"index, follow, max-snippet:-1, max-image-preview:large, max-video-preview:-1\" \/>\n<link rel=\"canonical\" href=\"https:\/\/ws054.juntadeandalucia.es\/crnandalucia\/estudio-estatal-sector-artesano\/\" \/>\n<meta property=\"og:locale\" content=\"es_ES\" \/>\n<meta property=\"og:type\" content=\"article\" \/>\n<meta property=\"og:title\" content=\"El Centro Albayz\u00edn colabora en la difusi\u00f3n de un estudio estatal sobre la situaci\u00f3n del sector artesano en Espa\u00f1a - Escuelas CRN\" \/>\n<meta property=\"og:description\" content=\"El objetivo de esta investigaci\u00f3n es actualizar el diagn\u00f3stico del sector para que las futuras pol\u00edticas p\u00fablicas, programas de apoyo y l\u00edneas de financiaci\u00f3n puedan adaptarse mejor a la realidad de talleres, entidades y profesionales de la artesan\u00eda.\" \/>\n<meta property=\"og:url\" content=\"https:\/\/ws054.juntadeandalucia.es\/crnandalucia\/estudio-estatal-sector-artesano\/\" \/>\n<meta property=\"og:site_name\" content=\"Escuelas CRN\" \/>\n<meta property=\"article:published_time\" content=\"2026-04-22T11:40:09+00:00\" \/>\n<meta property=\"article:modified_time\" content=\"2026-04-22T11:45:36+00:00\" \/>\n<meta property=\"og:image\" content=\"https:\/\/ws054.juntadeandalucia.es\/crnandalucia\/wp-content\/uploads\/2026\/04\/672354912_18101783431963325_834303458454283917_n1.jpg\" \/>\n\t<meta property=\"og:image:width\" content=\"1440\" \/>\n\t<meta property=\"og:image:height\" content=\"1800\" \/>\n\t<meta property=\"og:image:type\" content=\"image\/jpeg\" \/>\n<meta name=\"author\" content=\"CRN-Artesania\" \/>\n<meta name=\"twitter:card\" content=\"summary_large_image\" \/>\n<meta name=\"twitter:label1\" content=\"Escrito por\" \/>\n\t<meta name=\"twitter:data1\" content=\"CRN-Artesania\" \/>\n\t<meta name=\"twitter:label2\" content=\"Tiempo de lectura\" \/>\n\t<meta name=\"twitter:data2\" content=\"1 minuto\" \/>\n<script type=\"application\/ld+json\" class=\"yoast-schema-graph\">{\"@context\":\"https:\/\/schema.org\",\"@graph\":[{\"@type\":\"WebPage\",\"@id\":\"https:\/\/ws054.juntadeandalucia.es\/crnandalucia\/estudio-estatal-sector-artesano\/\",\"url\":\"https:\/\/ws054.juntadeandalucia.es\/crnandalucia\/estudio-estatal-sector-artesano\/\",\"name\":\"El Centro Albayz\u00edn colabora en la difusi\u00f3n de un estudio estatal sobre la situaci\u00f3n del sector artesano en Espa\u00f1a - Escuelas CRN\",\"isPartOf\":{\"@id\":\"https:\/\/ws054.juntadeandalucia.es\/crnandalucia\/#website\"},\"primaryImageOfPage\":{\"@id\":\"https:\/\/ws054.juntadeandalucia.es\/crnandalucia\/estudio-estatal-sector-artesano\/#primaryimage\"},\"image\":{\"@id\":\"https:\/\/ws054.juntadeandalucia.es\/crnandalucia\/estudio-estatal-sector-artesano\/#primaryimage\"},\"thumbnailUrl\":\"https:\/\/ws054.juntadeandalucia.es\/crnandalucia\/wp-content\/uploads\/2026\/04\/672354912_18101783431963325_834303458454283917_n1.jpg\",\"datePublished\":\"2026-04-22T11:40:09+00:00\",\"dateModified\":\"2026-04-22T11:45:36+00:00\",\"author\":{\"@id\":\"https:\/\/ws054.juntadeandalucia.es\/crnandalucia\/#\/schema\/person\/b07dcf44811daf38b6dabf1daed9e572\"},\"breadcrumb\":{\"@id\":\"https:\/\/ws054.juntadeandalucia.es\/crnandalucia\/estudio-estatal-sector-artesano\/#breadcrumb\"},\"inLanguage\":\"es\",\"potentialAction\":[{\"@type\":\"ReadAction\",\"target\":[\"https:\/\/ws054.juntadeandalucia.es\/crnandalucia\/estudio-estatal-sector-artesano\/\"]}]},{\"@type\":\"ImageObject\",\"inLanguage\":\"es\",\"@id\":\"https:\/\/ws054.juntadeandalucia.es\/crnandalucia\/estudio-estatal-sector-artesano\/#primaryimage\",\"url\":\"https:\/\/ws054.juntadeandalucia.es\/crnandalucia\/wp-content\/uploads\/2026\/04\/672354912_18101783431963325_834303458454283917_n1.jpg\",\"contentUrl\":\"https:\/\/ws054.juntadeandalucia.es\/crnandalucia\/wp-content\/uploads\/2026\/04\/672354912_18101783431963325_834303458454283917_n1.jpg\",\"width\":1440,\"height\":1800},{\"@type\":\"BreadcrumbList\",\"@id\":\"https:\/\/ws054.juntadeandalucia.es\/crnandalucia\/estudio-estatal-sector-artesano\/#breadcrumb\",\"itemListElement\":[{\"@type\":\"ListItem\",\"position\":1,\"name\":\"Portada\",\"item\":\"https:\/\/ws054.juntadeandalucia.es\/crnandalucia\/\"},{\"@type\":\"ListItem\",\"position\":2,\"name\":\"El Centro Albayz\u00edn colabora en la difusi\u00f3n de un estudio estatal sobre la situaci\u00f3n del sector artesano en Espa\u00f1a\"}]},{\"@type\":\"WebSite\",\"@id\":\"https:\/\/ws054.juntadeandalucia.es\/crnandalucia\/#website\",\"url\":\"https:\/\/ws054.juntadeandalucia.es\/crnandalucia\/\",\"name\":\"Escuelas CRN\",\"description\":\"\",\"potentialAction\":[{\"@type\":\"SearchAction\",\"target\":{\"@type\":\"EntryPoint\",\"urlTemplate\":\"https:\/\/ws054.juntadeandalucia.es\/crnandalucia\/?s={search_term_string}\"},\"query-input\":{\"@type\":\"PropertyValueSpecification\",\"valueRequired\":true,\"valueName\":\"search_term_string\"}}],\"inLanguage\":\"es\"},{\"@type\":\"Person\",\"@id\":\"https:\/\/ws054.juntadeandalucia.es\/crnandalucia\/#\/schema\/person\/b07dcf44811daf38b6dabf1daed9e572\",\"name\":\"CRN-Artesania\",\"image\":{\"@type\":\"ImageObject\",\"inLanguage\":\"es\",\"@id\":\"https:\/\/ws054.juntadeandalucia.es\/crnandalucia\/#\/schema\/person\/image\/\",\"url\":\"https:\/\/secure.gravatar.com\/avatar\/e8d7e03a793ca7450df952203f6d954e6c20d28b49e90d00bc3d8d1f26a8d873?s=96&d=mm&r=g\",\"contentUrl\":\"https:\/\/secure.gravatar.com\/avatar\/e8d7e03a793ca7450df952203f6d954e6c20d28b49e90d00bc3d8d1f26a8d873?s=96&d=mm&r=g\",\"caption\":\"CRN-Artesania\"},\"url\":\"https:\/\/ws054.juntadeandalucia.es\/crnandalucia\/author\/crn-artesania\/\"}]}<\/script>\n<!-- \/ Yoast SEO plugin. -->","yoast_head_json":{"title":"El Centro Albayz\u00edn colabora en la difusi\u00f3n de un estudio estatal sobre la situaci\u00f3n del sector artesano en Espa\u00f1a - Escuelas CRN","robots":{"index":"index","follow":"follow","max-snippet":"max-snippet:-1","max-image-preview":"max-image-preview:large","max-video-preview":"max-video-preview:-1"},"canonical":"https:\/\/ws054.juntadeandalucia.es\/crnandalucia\/estudio-estatal-sector-artesano\/","og_locale":"es_ES","og_type":"article","og_title":"El Centro Albayz\u00edn colabora en la difusi\u00f3n de un estudio estatal sobre la situaci\u00f3n del sector artesano en Espa\u00f1a - Escuelas CRN","og_description":"El objetivo de esta investigaci\u00f3n es actualizar el diagn\u00f3stico del sector para que las futuras pol\u00edticas p\u00fablicas, programas de apoyo y l\u00edneas de financiaci\u00f3n puedan adaptarse mejor a la realidad de talleres, entidades y profesionales de la artesan\u00eda.","og_url":"https:\/\/ws054.juntadeandalucia.es\/crnandalucia\/estudio-estatal-sector-artesano\/","og_site_name":"Escuelas CRN","article_published_time":"2026-04-22T11:40:09+00:00","article_modified_time":"2026-04-22T11:45:36+00:00","og_image":[{"width":1440,"height":1800,"url":"https:\/\/ws054.juntadeandalucia.es\/crnandalucia\/wp-content\/uploads\/2026\/04\/672354912_18101783431963325_834303458454283917_n1.jpg","type":"image\/jpeg"}],"author":"CRN-Artesania","twitter_card":"summary_large_image","twitter_misc":{"Escrito por":"CRN-Artesania","Tiempo de lectura":"1 minuto"},"schema":{"@context":"https:\/\/schema.org","@graph":[{"@type":"WebPage","@id":"https:\/\/ws054.juntadeandalucia.es\/crnandalucia\/estudio-estatal-sector-artesano\/","url":"https:\/\/ws054.juntadeandalucia.es\/crnandalucia\/estudio-estatal-sector-artesano\/","name":"El Centro Albayz\u00edn colabora en la difusi\u00f3n de un estudio estatal sobre la situaci\u00f3n del sector artesano en Espa\u00f1a - Escuelas CRN","isPartOf":{"@id":"https:\/\/ws054.juntadeandalucia.es\/crnandalucia\/#website"},"primaryImageOfPage":{"@id":"https:\/\/ws054.juntadeandalucia.es\/crnandalucia\/estudio-estatal-sector-artesano\/#primaryimage"},"image":{"@id":"https:\/\/ws054.juntadeandalucia.es\/crnandalucia\/estudio-estatal-sector-artesano\/#primaryimage"},"thumbnailUrl":"https:\/\/ws054.juntadeandalucia.es\/crnandalucia\/wp-content\/uploads\/2026\/04\/672354912_18101783431963325_834303458454283917_n1.jpg","datePublished":"2026-04-22T11:40:09+00:00","dateModified":"2026-04-22T11:45:36+00:00","author":{"@id":"https:\/\/ws054.juntadeandalucia.es\/crnandalucia\/#\/schema\/person\/b07dcf44811daf38b6dabf1daed9e572"},"breadcrumb":{"@id":"https:\/\/ws054.juntadeandalucia.es\/crnandalucia\/estudio-estatal-sector-artesano\/#breadcrumb"},"inLanguage":"es","potentialAction":[{"@type":"ReadAction","target":["https:\/\/ws054.juntadeandalucia.es\/crnandalucia\/estudio-estatal-sector-artesano\/"]}]},{"@type":"ImageObject","inLanguage":"es","@id":"https:\/\/ws054.juntadeandalucia.es\/crnandalucia\/estudio-estatal-sector-artesano\/#primaryimage","url":"https:\/\/ws054.juntadeandalucia.es\/crnandalucia\/wp-content\/uploads\/2026\/04\/672354912_18101783431963325_834303458454283917_n1.jpg","contentUrl":"https:\/\/ws054.juntadeandalucia.es\/crnandalucia\/wp-content\/uploads\/2026\/04\/672354912_18101783431963325_834303458454283917_n1.jpg","width":1440,"height":1800},{"@type":"BreadcrumbList","@id":"https:\/\/ws054.juntadeandalucia.es\/crnandalucia\/estudio-estatal-sector-artesano\/#breadcrumb","itemListElement":[{"@type":"ListItem","position":1,"name":"Portada","item":"https:\/\/ws054.juntadeandalucia.es\/crnandalucia\/"},{"@type":"ListItem","position":2,"name":"El Centro Albayz\u00edn colabora en la difusi\u00f3n de un estudio estatal sobre la situaci\u00f3n del sector artesano en Espa\u00f1a"}]},{"@type":"WebSite","@id":"https:\/\/ws054.juntadeandalucia.es\/crnandalucia\/#website","url":"https:\/\/ws054.juntadeandalucia.es\/crnandalucia\/","name":"Escuelas CRN","description":"","potentialAction":[{"@type":"SearchAction","target":{"@type":"EntryPoint","urlTemplate":"https:\/\/ws054.juntadeandalucia.es\/crnandalucia\/?s={search_term_string}"},"query-input":{"@type":"PropertyValueSpecification","valueRequired":true,"valueName":"search_term_string"}}],"inLanguage":"es"},{"@type":"Person","@id":"https:\/\/ws054.juntadeandalucia.es\/crnandalucia\/#\/schema\/person\/b07dcf44811daf38b6dabf1daed9e572","name":"CRN-Artesania","image":{"@type":"ImageObject","inLanguage":"es","@id":"https:\/\/ws054.juntadeandalucia.es\/crnandalucia\/#\/schema\/person\/image\/","url":"https:\/\/secure.gravatar.com\/avatar\/e8d7e03a793ca7450df952203f6d954e6c20d28b49e90d00bc3d8d1f26a8d873?s=96&d=mm&r=g","contentUrl":"https:\/\/secure.gravatar.com\/avatar\/e8d7e03a793ca7450df952203f6d954e6c20d28b49e90d00bc3d8d1f26a8d873?s=96&d=mm&r=g","caption":"CRN-Artesania"},"url":"https:\/\/ws054.juntadeandalucia.es\/crnandalucia\/author\/crn-artesania\/"}]}},"_links":{"self":[{"href":"https:\/\/ws054.juntadeandalucia.es\/crnandalucia\/wp-json\/wp\/v2\/posts\/25787","targetHints":{"allow":["GET"]}}],"collection":[{"href":"https:\/\/ws054.juntadeandalucia.es\/crnandalucia\/wp-json\/wp\/v2\/posts"}],"about":[{"href":"https:\/\/ws054.juntadeandalucia.es\/crnandalucia\/wp-json\/wp\/v2\/types\/post"}],"author":[{"embeddable":true,"href":"https:\/\/ws054.juntadeandalucia.es\/crnandalucia\/wp-json\/wp\/v2\/users\/3"}],"replies":[{"embeddable":true,"href":"https:\/\/ws054.juntadeandalucia.es\/crnandalucia\/wp-json\/wp\/v2\/comments?post=25787"}],"version-history":[{"count":4,"href":"https:\/\/ws054.juntadeandalucia.es\/crnandalucia\/wp-json\/wp\/v2\/posts\/25787\/revisions"}],"predecessor-version":[{"id":25792,"href":"https:\/\/ws054.juntadeandalucia.es\/crnandalucia\/wp-json\/wp\/v2\/posts\/25787\/revisions\/25792"}],"wp:featuredmedia":[{"embeddable":true,"href":"https:\/\/ws054.juntadeandalucia.es\/crnandalucia\/wp-json\/wp\/v2\/media\/25789"}],"wp:attachment":[{"href":"https:\/\/ws054.juntadeandalucia.es\/crnandalucia\/wp-json\/wp\/v2\/media?parent=25787"}],"wp:term":[{"taxonomy":"category","embeddable":true,"href":"https:\/\/ws054.juntadeandalucia.es\/crnandalucia\/wp-json\/wp\/v2\/categories?post=25787"},{"taxonomy":"post_tag","embeddable":true,"href":"https:\/\/ws054.juntadeandalucia.es\/crnandalucia\/wp-json\/wp\/v2\/tags?post=25787"}],"curies":[{"name":"wp","href":"https:\/\/api.w.org\/{rel}","templated":true}]}}