{"id":25693,"date":"2026-04-15T14:51:10","date_gmt":"2026-04-15T12:51:10","guid":{"rendered":"https:\/\/ws054.juntadeandalucia.es\/crnandalucia\/?p=25693"},"modified":"2026-04-15T14:52:48","modified_gmt":"2026-04-15T12:52:48","slug":"informe-del-sector-madera-y-mueble","status":"publish","type":"post","link":"https:\/\/ws054.juntadeandalucia.es\/crnandalucia\/informe-del-sector-madera-y-mueble\/","title":{"rendered":"Informe del Sector Madera y Mueble"},"content":{"rendered":"\n<p class=\"wp-block-paragraph\"><\/p>\n\n\n\n<figure class=\"wp-block-image size-large\"><img fetchpriority=\"high\" decoding=\"async\" width=\"1024\" height=\"572\" src=\"https:\/\/ws054.juntadeandalucia.es\/crnandalucia\/wp-content\/uploads\/2026\/04\/Infografia-informe-sector-madera-mueble-25-26-fuente-1024x572.jpg\" alt=\"\" class=\"wp-image-25694\" srcset=\"https:\/\/ws054.juntadeandalucia.es\/crnandalucia\/wp-content\/uploads\/2026\/04\/Infografia-informe-sector-madera-mueble-25-26-fuente-1024x572.jpg 1024w, https:\/\/ws054.juntadeandalucia.es\/crnandalucia\/wp-content\/uploads\/2026\/04\/Infografia-informe-sector-madera-mueble-25-26-fuente-300x167.jpg 300w, https:\/\/ws054.juntadeandalucia.es\/crnandalucia\/wp-content\/uploads\/2026\/04\/Infografia-informe-sector-madera-mueble-25-26-fuente-768x429.jpg 768w, https:\/\/ws054.juntadeandalucia.es\/crnandalucia\/wp-content\/uploads\/2026\/04\/Infografia-informe-sector-madera-mueble-25-26-fuente-1536x857.jpg 1536w, https:\/\/ws054.juntadeandalucia.es\/crnandalucia\/wp-content\/uploads\/2026\/04\/Infografia-informe-sector-madera-mueble-25-26-fuente.jpg 2048w\" sizes=\"(max-width: 1024px) 100vw, 1024px\" \/><\/figure>\n\n\n\n<p class=\"wp-block-paragraph\"><em>Situaci\u00f3n y tendencias del mercado de trabajo (Espa\u00f1a, referencia 2025\u20132026)<\/em><\/p>\n\n\n\n<p class=\"wp-block-paragraph\"><strong>1. Situaci\u00f3n general del mercado de trabajo<br><\/strong>Espa\u00f1a cerr\u00f3 2025 con una evoluci\u00f3n muy positiva del empleo, alcanzando m\u00e1ximos hist\u00f3ricos en poblaci\u00f3n ocupada y afiliaci\u00f3n a la Seguridad Social. El sector Madera\u2011Mueble mantiene una estructura tradicional basada en oficios, pero se encuentra en un proceso de transici\u00f3n hacia perfiles m\u00e1s cualificados, impulsado por la incorporaci\u00f3n de maquinaria CNC, dise\u00f1o asistido por ordenador, mejora de procesos productivos y exigencias de sostenibilidad.<\/p>\n\n\n\n<p class=\"wp-block-paragraph\"><strong>2. Juventud y sector Madera\u2011Mueble<br><\/strong>El sector Madera\u2011Mueble no se sit\u00faa entre los principales focos de contrataci\u00f3n juvenil, lo que genera un d\u00e9ficit de relevo generacional. La principal v\u00eda de acceso de las personas j\u00f3venes al sector se produce a trav\u00e9s de la Formaci\u00f3n Profesional, programas mixtos de empleo y formaci\u00f3n especializada en carpinter\u00eda, mueble y tapicer\u00eda.<\/p>\n\n\n\n<p class=\"wp-block-paragraph\"><strong>3. Mujeres en el sector<br><\/strong>El empleo femenino presenta cifras hist\u00f3ricas positivas en el conjunto del mercado laboral. En el sector Madera\u2011Mueble, la presencia de mujeres es a\u00fan minoritaria en las fases productivas, concentr\u00e1ndose principalmente en tapicer\u00eda, acabados, dise\u00f1o, restauraci\u00f3n, gesti\u00f3n y administraci\u00f3n. Existe un claro potencial de incremento del empleo femenino mediante la mejora de condiciones laborales y el acceso a formaci\u00f3n t\u00e9cnica especializada.<\/p>\n\n\n\n<p class=\"wp-block-paragraph\"><strong>4. Personas con discapacidad<br><\/strong>El sector Madera\u2011Mueble ofrece oportunidades de inserci\u00f3n para personas con discapacidad, especialmente en tareas de apoyo en taller, procesos de acabado, montaje sencillo, control de calidad y labores auxiliares. La adaptaci\u00f3n de puestos y la organizaci\u00f3n flexible del trabajo facilitan su integraci\u00f3n, especialmente en peque\u00f1as y medianas empresas y talleres artesanos.<\/p>\n\n\n\n<p class=\"wp-block-paragraph\"><strong>5. Personas extranjeras<br><\/strong>Las personas trabajadoras extranjeras tienen una presencia relevante en el sector Madera\u2011Mueble, especialmente en carpinter\u00eda general, montaje, almacenaje y log\u00edstica. Su empleabilidad mejora notablemente cuando cuentan con formaci\u00f3n pr\u00e1ctica previa o experiencia en otros oficios relacionados con la construcci\u00f3n y la industria.<\/p>\n\n\n\n<p class=\"wp-block-paragraph\"><strong>6. Personas mayores de 45 a\u00f1os<br><\/strong>Las personas mayores de 45 a\u00f1os constituyen un colectivo clave en el sector, ya que concentran gran parte de la experiencia y cualificaci\u00f3n profesional. El envejecimiento de la plantilla y las pr\u00f3ximas jubilaciones suponen un riesgo de p\u00e9rdida de conocimiento t\u00e9cnico si no se produce una adecuada transmisi\u00f3n generacional.<\/p>\n\n\n\n<p class=\"wp-block-paragraph\"><strong>7. Situaci\u00f3n del sector Madera\u2011Mueble en la provincia de C\u00f3rdoba<br><\/strong>La provincia de C\u00f3rdoba cuenta con una tradici\u00f3n consolidada en actividades vinculadas a la madera y el mueble, destacando la presencia de peque\u00f1as y medianas empresas, talleres artesanos y entidades formativas especializadas. El sector se caracteriza por una elevada especializaci\u00f3n en carpinter\u00eda, fabricaci\u00f3n de mobiliario y trabajos de restauraci\u00f3n y tapicer\u00eda. La estructura empresarial es mayoritariamente de peque\u00f1a dimensi\u00f3n, lo que refuerza la importancia de la formaci\u00f3n pr\u00e1ctica, la cualificaci\u00f3n profesional y el relevo generacional como elementos estrat\u00e9gicos para garantizar la continuidad del sector en el \u00e1mbito provincial.<\/p>\n\n\n\n<p class=\"wp-block-paragraph\"><strong>8. Tendencias del mercado de trabajo y empleo de reposici\u00f3n<br><\/strong>Las tendencias del mercado de trabajo indican que la mayor parte de las oportunidades de empleo en la pr\u00f3xima d\u00e9cada estar\u00e1n vinculadas al relevo generacional. El sector Madera\u2011Mueble se encuentra especialmente afectado por este fen\u00f3meno, lo que convierte la formaci\u00f3n especializada y la captaci\u00f3n de nuevos profesionales en un factor clave de futuro.<\/p>\n\n\n\n<p class=\"wp-block-paragraph\"><strong>9. Movilidad geogr\u00e1fica laboral<br><\/strong>La movilidad geogr\u00e1fica laboral ha experimentado un aumento moderado en los \u00faltimos a\u00f1os. En el sector Madera\u2011Mueble, esta movilidad se asocia principalmente a trabajos de montaje, proyectos temporales y encargos especializados, favoreciendo la empleabilidad de perfiles polivalentes y cualificados.<\/p>\n\n\n\n<p class=\"wp-block-paragraph\"><strong>10. Formaci\u00f3n, ocupaciones y cualificaci\u00f3n profesional<br><\/strong>La Formaci\u00f3n Profesional, los certificados de profesionalidad y la formaci\u00f3n pr\u00e1ctica en entornos reales de trabajo resultan fundamentales para el acceso y la permanencia en el sector Madera\u2011Mueble. La adecuaci\u00f3n entre formaci\u00f3n y necesidades productivas es clave para mejorar la empleabilidad y la competitividad del sector.<\/p>\n\n\n\n<p class=\"wp-block-paragraph\"><strong>Conclusi\u00f3n<br><\/strong>El sector Madera\u2011Mueble es un sector estable y estrat\u00e9gico que afronta importantes retos derivados del envejecimiento de la plantilla y la necesidad de relevo generacional. Las oportunidades de empleo se encuentran estrechamente ligadas a la formaci\u00f3n especializada, la cualificaci\u00f3n profesional y la transmisi\u00f3n del conocimiento, siendo la capacitaci\u00f3n pr\u00e1ctica un elemento esencial para asegurar su continuidad y modernizaci\u00f3n.<\/p>\n\n\n\n<figure class=\"wp-block-image size-large\"><img decoding=\"async\" width=\"572\" height=\"1024\" src=\"https:\/\/ws054.juntadeandalucia.es\/crnandalucia\/wp-content\/uploads\/2026\/04\/Infografia-mercado-laboral-mm-observ-SEPE-2-572x1024.jpg\" alt=\"\" class=\"wp-image-25695\" srcset=\"https:\/\/ws054.juntadeandalucia.es\/crnandalucia\/wp-content\/uploads\/2026\/04\/Infografia-mercado-laboral-mm-observ-SEPE-2-572x1024.jpg 572w, https:\/\/ws054.juntadeandalucia.es\/crnandalucia\/wp-content\/uploads\/2026\/04\/Infografia-mercado-laboral-mm-observ-SEPE-2-167x300.jpg 167w, https:\/\/ws054.juntadeandalucia.es\/crnandalucia\/wp-content\/uploads\/2026\/04\/Infografia-mercado-laboral-mm-observ-SEPE-2-768x1376.jpg 768w, https:\/\/ws054.juntadeandalucia.es\/crnandalucia\/wp-content\/uploads\/2026\/04\/Infografia-mercado-laboral-mm-observ-SEPE-2-857x1536.jpg 857w, https:\/\/ws054.juntadeandalucia.es\/crnandalucia\/wp-content\/uploads\/2026\/04\/Infografia-mercado-laboral-mm-observ-SEPE-2-1143x2048.jpg 1143w, https:\/\/ws054.juntadeandalucia.es\/crnandalucia\/wp-content\/uploads\/2026\/04\/Infografia-mercado-laboral-mm-observ-SEPE-2-scaled.jpg 1429w\" sizes=\"(max-width: 572px) 100vw, 572px\" \/><\/figure>\n","protected":false},"excerpt":{"rendered":"<p>Situaci\u00f3n y tendencias del mercado de trabajo (Espa\u00f1a, referencia 2025\u20132026)<\/p>\n","protected":false},"author":4,"featured_media":25694,"comment_status":"closed","ping_status":"closed","sticky":false,"template":"","format":"standard","meta":{"_acf_changed":false,"footnotes":""},"categories":[3],"tags":[824,495,944],"class_list":["post-25693","post","type-post","status-publish","format-standard","has-post-thumbnail","hentry","category-noticias-crn-carpinteria-y-madera","tag-crncarpinteriaymueble","tag-crnmadera-2","tag-sector"],"acf":[],"yoast_head":"<!-- This site is optimized with the Yoast SEO plugin v25.3 - https:\/\/yoast.com\/wordpress\/plugins\/seo\/ -->\n<title>Informe del Sector Madera y Mueble - Escuelas CRN<\/title>\n<meta name=\"robots\" content=\"index, follow, max-snippet:-1, max-image-preview:large, max-video-preview:-1\" \/>\n<link rel=\"canonical\" href=\"https:\/\/ws054.juntadeandalucia.es\/crnandalucia\/informe-del-sector-madera-y-mueble\/\" \/>\n<meta property=\"og:locale\" content=\"es_ES\" \/>\n<meta property=\"og:type\" content=\"article\" \/>\n<meta property=\"og:title\" content=\"Informe del Sector Madera y Mueble - Escuelas CRN\" \/>\n<meta property=\"og:description\" content=\"Situaci\u00f3n y tendencias del mercado de trabajo (Espa\u00f1a, referencia 2025\u20132026)\" \/>\n<meta property=\"og:url\" content=\"https:\/\/ws054.juntadeandalucia.es\/crnandalucia\/informe-del-sector-madera-y-mueble\/\" \/>\n<meta property=\"og:site_name\" content=\"Escuelas CRN\" \/>\n<meta property=\"article:published_time\" content=\"2026-04-15T12:51:10+00:00\" \/>\n<meta property=\"article:modified_time\" content=\"2026-04-15T12:52:48+00:00\" \/>\n<meta property=\"og:image\" content=\"https:\/\/ws054.juntadeandalucia.es\/crnandalucia\/wp-content\/uploads\/2026\/04\/Infografia-informe-sector-madera-mueble-25-26-fuente.jpg\" \/>\n\t<meta property=\"og:image:width\" content=\"2048\" \/>\n\t<meta property=\"og:image:height\" content=\"1143\" \/>\n\t<meta property=\"og:image:type\" content=\"image\/jpeg\" \/>\n<meta name=\"author\" content=\"CRN-Carpinteria\" \/>\n<meta name=\"twitter:card\" content=\"summary_large_image\" \/>\n<meta name=\"twitter:label1\" content=\"Escrito por\" \/>\n\t<meta name=\"twitter:data1\" content=\"CRN-Carpinteria\" \/>\n\t<meta name=\"twitter:label2\" content=\"Tiempo de lectura\" \/>\n\t<meta name=\"twitter:data2\" content=\"4 minutos\" \/>\n<script type=\"application\/ld+json\" class=\"yoast-schema-graph\">{\"@context\":\"https:\/\/schema.org\",\"@graph\":[{\"@type\":\"WebPage\",\"@id\":\"https:\/\/ws054.juntadeandalucia.es\/crnandalucia\/informe-del-sector-madera-y-mueble\/\",\"url\":\"https:\/\/ws054.juntadeandalucia.es\/crnandalucia\/informe-del-sector-madera-y-mueble\/\",\"name\":\"Informe del Sector Madera y Mueble - Escuelas CRN\",\"isPartOf\":{\"@id\":\"https:\/\/ws054.juntadeandalucia.es\/crnandalucia\/#website\"},\"primaryImageOfPage\":{\"@id\":\"https:\/\/ws054.juntadeandalucia.es\/crnandalucia\/informe-del-sector-madera-y-mueble\/#primaryimage\"},\"image\":{\"@id\":\"https:\/\/ws054.juntadeandalucia.es\/crnandalucia\/informe-del-sector-madera-y-mueble\/#primaryimage\"},\"thumbnailUrl\":\"https:\/\/ws054.juntadeandalucia.es\/crnandalucia\/wp-content\/uploads\/2026\/04\/Infografia-informe-sector-madera-mueble-25-26-fuente.jpg\",\"datePublished\":\"2026-04-15T12:51:10+00:00\",\"dateModified\":\"2026-04-15T12:52:48+00:00\",\"author\":{\"@id\":\"https:\/\/ws054.juntadeandalucia.es\/crnandalucia\/#\/schema\/person\/18507a1f1c557d6720560c0b95aa579c\"},\"breadcrumb\":{\"@id\":\"https:\/\/ws054.juntadeandalucia.es\/crnandalucia\/informe-del-sector-madera-y-mueble\/#breadcrumb\"},\"inLanguage\":\"es\",\"potentialAction\":[{\"@type\":\"ReadAction\",\"target\":[\"https:\/\/ws054.juntadeandalucia.es\/crnandalucia\/informe-del-sector-madera-y-mueble\/\"]}]},{\"@type\":\"ImageObject\",\"inLanguage\":\"es\",\"@id\":\"https:\/\/ws054.juntadeandalucia.es\/crnandalucia\/informe-del-sector-madera-y-mueble\/#primaryimage\",\"url\":\"https:\/\/ws054.juntadeandalucia.es\/crnandalucia\/wp-content\/uploads\/2026\/04\/Infografia-informe-sector-madera-mueble-25-26-fuente.jpg\",\"contentUrl\":\"https:\/\/ws054.juntadeandalucia.es\/crnandalucia\/wp-content\/uploads\/2026\/04\/Infografia-informe-sector-madera-mueble-25-26-fuente.jpg\",\"width\":2048,\"height\":1143},{\"@type\":\"BreadcrumbList\",\"@id\":\"https:\/\/ws054.juntadeandalucia.es\/crnandalucia\/informe-del-sector-madera-y-mueble\/#breadcrumb\",\"itemListElement\":[{\"@type\":\"ListItem\",\"position\":1,\"name\":\"Portada\",\"item\":\"https:\/\/ws054.juntadeandalucia.es\/crnandalucia\/\"},{\"@type\":\"ListItem\",\"position\":2,\"name\":\"Informe del Sector Madera y Mueble\"}]},{\"@type\":\"WebSite\",\"@id\":\"https:\/\/ws054.juntadeandalucia.es\/crnandalucia\/#website\",\"url\":\"https:\/\/ws054.juntadeandalucia.es\/crnandalucia\/\",\"name\":\"Escuelas CRN\",\"description\":\"\",\"potentialAction\":[{\"@type\":\"SearchAction\",\"target\":{\"@type\":\"EntryPoint\",\"urlTemplate\":\"https:\/\/ws054.juntadeandalucia.es\/crnandalucia\/?s={search_term_string}\"},\"query-input\":{\"@type\":\"PropertyValueSpecification\",\"valueRequired\":true,\"valueName\":\"search_term_string\"}}],\"inLanguage\":\"es\"},{\"@type\":\"Person\",\"@id\":\"https:\/\/ws054.juntadeandalucia.es\/crnandalucia\/#\/schema\/person\/18507a1f1c557d6720560c0b95aa579c\",\"name\":\"CRN-Carpinteria\",\"image\":{\"@type\":\"ImageObject\",\"inLanguage\":\"es\",\"@id\":\"https:\/\/ws054.juntadeandalucia.es\/crnandalucia\/#\/schema\/person\/image\/\",\"url\":\"https:\/\/secure.gravatar.com\/avatar\/f12e6457226c2c783ce0f288254d015da501299f09d3dcebbb25d0d5cc90c382?s=96&d=mm&r=g\",\"contentUrl\":\"https:\/\/secure.gravatar.com\/avatar\/f12e6457226c2c783ce0f288254d015da501299f09d3dcebbb25d0d5cc90c382?s=96&d=mm&r=g\",\"caption\":\"CRN-Carpinteria\"},\"url\":\"https:\/\/ws054.juntadeandalucia.es\/crnandalucia\/author\/crn-carpinteria\/\"}]}<\/script>\n<!-- \/ Yoast SEO plugin. -->","yoast_head_json":{"title":"Informe del Sector Madera y Mueble - Escuelas CRN","robots":{"index":"index","follow":"follow","max-snippet":"max-snippet:-1","max-image-preview":"max-image-preview:large","max-video-preview":"max-video-preview:-1"},"canonical":"https:\/\/ws054.juntadeandalucia.es\/crnandalucia\/informe-del-sector-madera-y-mueble\/","og_locale":"es_ES","og_type":"article","og_title":"Informe del Sector Madera y Mueble - Escuelas CRN","og_description":"Situaci\u00f3n y tendencias del mercado de trabajo (Espa\u00f1a, referencia 2025\u20132026)","og_url":"https:\/\/ws054.juntadeandalucia.es\/crnandalucia\/informe-del-sector-madera-y-mueble\/","og_site_name":"Escuelas CRN","article_published_time":"2026-04-15T12:51:10+00:00","article_modified_time":"2026-04-15T12:52:48+00:00","og_image":[{"width":2048,"height":1143,"url":"https:\/\/ws054.juntadeandalucia.es\/crnandalucia\/wp-content\/uploads\/2026\/04\/Infografia-informe-sector-madera-mueble-25-26-fuente.jpg","type":"image\/jpeg"}],"author":"CRN-Carpinteria","twitter_card":"summary_large_image","twitter_misc":{"Escrito por":"CRN-Carpinteria","Tiempo de lectura":"4 minutos"},"schema":{"@context":"https:\/\/schema.org","@graph":[{"@type":"WebPage","@id":"https:\/\/ws054.juntadeandalucia.es\/crnandalucia\/informe-del-sector-madera-y-mueble\/","url":"https:\/\/ws054.juntadeandalucia.es\/crnandalucia\/informe-del-sector-madera-y-mueble\/","name":"Informe del Sector Madera y Mueble - Escuelas CRN","isPartOf":{"@id":"https:\/\/ws054.juntadeandalucia.es\/crnandalucia\/#website"},"primaryImageOfPage":{"@id":"https:\/\/ws054.juntadeandalucia.es\/crnandalucia\/informe-del-sector-madera-y-mueble\/#primaryimage"},"image":{"@id":"https:\/\/ws054.juntadeandalucia.es\/crnandalucia\/informe-del-sector-madera-y-mueble\/#primaryimage"},"thumbnailUrl":"https:\/\/ws054.juntadeandalucia.es\/crnandalucia\/wp-content\/uploads\/2026\/04\/Infografia-informe-sector-madera-mueble-25-26-fuente.jpg","datePublished":"2026-04-15T12:51:10+00:00","dateModified":"2026-04-15T12:52:48+00:00","author":{"@id":"https:\/\/ws054.juntadeandalucia.es\/crnandalucia\/#\/schema\/person\/18507a1f1c557d6720560c0b95aa579c"},"breadcrumb":{"@id":"https:\/\/ws054.juntadeandalucia.es\/crnandalucia\/informe-del-sector-madera-y-mueble\/#breadcrumb"},"inLanguage":"es","potentialAction":[{"@type":"ReadAction","target":["https:\/\/ws054.juntadeandalucia.es\/crnandalucia\/informe-del-sector-madera-y-mueble\/"]}]},{"@type":"ImageObject","inLanguage":"es","@id":"https:\/\/ws054.juntadeandalucia.es\/crnandalucia\/informe-del-sector-madera-y-mueble\/#primaryimage","url":"https:\/\/ws054.juntadeandalucia.es\/crnandalucia\/wp-content\/uploads\/2026\/04\/Infografia-informe-sector-madera-mueble-25-26-fuente.jpg","contentUrl":"https:\/\/ws054.juntadeandalucia.es\/crnandalucia\/wp-content\/uploads\/2026\/04\/Infografia-informe-sector-madera-mueble-25-26-fuente.jpg","width":2048,"height":1143},{"@type":"BreadcrumbList","@id":"https:\/\/ws054.juntadeandalucia.es\/crnandalucia\/informe-del-sector-madera-y-mueble\/#breadcrumb","itemListElement":[{"@type":"ListItem","position":1,"name":"Portada","item":"https:\/\/ws054.juntadeandalucia.es\/crnandalucia\/"},{"@type":"ListItem","position":2,"name":"Informe del Sector Madera y Mueble"}]},{"@type":"WebSite","@id":"https:\/\/ws054.juntadeandalucia.es\/crnandalucia\/#website","url":"https:\/\/ws054.juntadeandalucia.es\/crnandalucia\/","name":"Escuelas CRN","description":"","potentialAction":[{"@type":"SearchAction","target":{"@type":"EntryPoint","urlTemplate":"https:\/\/ws054.juntadeandalucia.es\/crnandalucia\/?s={search_term_string}"},"query-input":{"@type":"PropertyValueSpecification","valueRequired":true,"valueName":"search_term_string"}}],"inLanguage":"es"},{"@type":"Person","@id":"https:\/\/ws054.juntadeandalucia.es\/crnandalucia\/#\/schema\/person\/18507a1f1c557d6720560c0b95aa579c","name":"CRN-Carpinteria","image":{"@type":"ImageObject","inLanguage":"es","@id":"https:\/\/ws054.juntadeandalucia.es\/crnandalucia\/#\/schema\/person\/image\/","url":"https:\/\/secure.gravatar.com\/avatar\/f12e6457226c2c783ce0f288254d015da501299f09d3dcebbb25d0d5cc90c382?s=96&d=mm&r=g","contentUrl":"https:\/\/secure.gravatar.com\/avatar\/f12e6457226c2c783ce0f288254d015da501299f09d3dcebbb25d0d5cc90c382?s=96&d=mm&r=g","caption":"CRN-Carpinteria"},"url":"https:\/\/ws054.juntadeandalucia.es\/crnandalucia\/author\/crn-carpinteria\/"}]}},"_links":{"self":[{"href":"https:\/\/ws054.juntadeandalucia.es\/crnandalucia\/wp-json\/wp\/v2\/posts\/25693","targetHints":{"allow":["GET"]}}],"collection":[{"href":"https:\/\/ws054.juntadeandalucia.es\/crnandalucia\/wp-json\/wp\/v2\/posts"}],"about":[{"href":"https:\/\/ws054.juntadeandalucia.es\/crnandalucia\/wp-json\/wp\/v2\/types\/post"}],"author":[{"embeddable":true,"href":"https:\/\/ws054.juntadeandalucia.es\/crnandalucia\/wp-json\/wp\/v2\/users\/4"}],"replies":[{"embeddable":true,"href":"https:\/\/ws054.juntadeandalucia.es\/crnandalucia\/wp-json\/wp\/v2\/comments?post=25693"}],"version-history":[{"count":2,"href":"https:\/\/ws054.juntadeandalucia.es\/crnandalucia\/wp-json\/wp\/v2\/posts\/25693\/revisions"}],"predecessor-version":[{"id":25697,"href":"https:\/\/ws054.juntadeandalucia.es\/crnandalucia\/wp-json\/wp\/v2\/posts\/25693\/revisions\/25697"}],"wp:featuredmedia":[{"embeddable":true,"href":"https:\/\/ws054.juntadeandalucia.es\/crnandalucia\/wp-json\/wp\/v2\/media\/25694"}],"wp:attachment":[{"href":"https:\/\/ws054.juntadeandalucia.es\/crnandalucia\/wp-json\/wp\/v2\/media?parent=25693"}],"wp:term":[{"taxonomy":"category","embeddable":true,"href":"https:\/\/ws054.juntadeandalucia.es\/crnandalucia\/wp-json\/wp\/v2\/categories?post=25693"},{"taxonomy":"post_tag","embeddable":true,"href":"https:\/\/ws054.juntadeandalucia.es\/crnandalucia\/wp-json\/wp\/v2\/tags?post=25693"}],"curies":[{"name":"wp","href":"https:\/\/api.w.org\/{rel}","templated":true}]}}