{"id":24820,"date":"2025-11-06T11:16:34","date_gmt":"2025-11-06T10:16:34","guid":{"rendered":"https:\/\/ws054.juntadeandalucia.es\/crnandalucia\/?p=24820"},"modified":"2025-11-06T11:25:19","modified_gmt":"2025-11-06T10:25:19","slug":"centro-albayzin-innored","status":"publish","type":"post","link":"https:\/\/ws054.juntadeandalucia.es\/crnandalucia\/centro-albayzin-innored\/","title":{"rendered":"El Centro Albayz\u00edn participa en INNORED, Foro de Centros de Innovaci\u00f3n Territorial y N\u00f3madas del Conocimiento"},"content":{"rendered":"\t\t<div data-elementor-type=\"wp-post\" data-elementor-id=\"24820\" class=\"elementor elementor-24820\" data-elementor-post-type=\"post\">\n\t\t\t\t\t\t<section class=\"elementor-section elementor-top-section elementor-element elementor-element-38dc820 elementor-section-boxed elementor-section-height-default elementor-section-height-default\" data-id=\"38dc820\" data-element_type=\"section\">\n\t\t\t\t\t\t<div class=\"elementor-container elementor-column-gap-default\">\n\t\t\t\t\t<div class=\"elementor-column elementor-col-100 elementor-top-column elementor-element elementor-element-b605a43\" data-id=\"b605a43\" data-element_type=\"column\">\n\t\t\t<div class=\"elementor-widget-wrap elementor-element-populated\">\n\t\t\t\t\t\t<div class=\"elementor-element elementor-element-c553b06 elementor-widget elementor-widget-text-editor\" data-id=\"c553b06\" data-element_type=\"widget\" data-widget_type=\"text-editor.default\">\n\t\t\t\t<div class=\"elementor-widget-container\">\n\t\t\t\t\t\t\t\t\t<p>La responsable de I+D+i del <strong>Centro Albayz\u00edn \u2013 Centro de Referencia Nacional de Artesan\u00eda, M\u00aa Jos\u00e9 Calvo,<\/strong> participa en <strong>INNORED<\/strong>, el <strong>primer Foro de Centros de Innovaci\u00f3n Territorial y Centros N\u00f3madas del Conocimiento,<\/strong> que se celebrar\u00e1 los d\u00edas<strong> 20 y 21 de noviembre en Ug\u00edjar<\/strong> (Granada).<\/p><p>Este encuentro, impulsado por el <strong>Ayuntamiento de Ug\u00edjar<\/strong> y la <strong>Diputaci\u00f3n de Granada<\/strong>, con la colaboraci\u00f3n del <strong>Ministerio para la Transici\u00f3n Ecol\u00f3gica y el Reto Demogr\u00e1fico<\/strong>, re\u00fane por primera vez a representantes de entidades, centros de innovaci\u00f3n y profesionales vinculados al desarrollo rural, con el objetivo de <strong>poner en valor las iniciativas e instrumentos de apoyo al emprendimiento innovador en el medio rural<\/strong>.<\/p><p>Durante las jornadas se abordar\u00e1n temas clave como la <strong>innovaci\u00f3n territorial<\/strong>, la <strong>digitalizaci\u00f3n en entornos rurales<\/strong>, el papel de los <strong>n\u00f3madas digitales<\/strong> y las estrategias para <strong>revertir la despoblaci\u00f3n<\/strong> en municipios de la Espa\u00f1a interior.<\/p><p>Nuestra compa\u00f1era <strong>M\u00aa Jos\u00e9 Calvo<\/strong> participa en la <strong>Mesa de an\u00e1lisis \u2018Aprendizajes para el impulso de la innovaci\u00f3n en el medio rural\u2019<\/strong>, junto a otros ponentes destacados del \u00e1mbito de la innovaci\u00f3n social y el desarrollo territorial.<\/p><p>El programa de <strong>INNORED<\/strong> incluye <strong>jornadas t\u00e9cnicas, talleres participativos, y actividades culturales y de networking<\/strong> que buscan favorecer el encuentro entre <strong>emprendedores rurales, n\u00f3madas digitales, t\u00e9cnicos de centros de innovaci\u00f3n y administraciones locales<\/strong>.<\/p><p>Entre sus objetivos destacan:<\/p><ul><li>Dar a conocer y promover los centros de innovaci\u00f3n territorial y de apoyo a n\u00f3madas digitales.<\/li><li>Fomentar la cooperaci\u00f3n entre proyectos innovadores y territorios rurales.<\/li><li>Analizar estrategias exitosas frente a la despoblaci\u00f3n.<\/li><li>Generar un entorno colaborativo que refuerce la innovaci\u00f3n en el medio rural. Accede al programa completo aqu\u00ed Inscripci\u00f3n abierta Para m\u00e1s informaci\u00f3n accede a la web del evento<\/li><\/ul>\t\t\t\t\t\t\t\t<\/div>\n\t\t\t\t<\/div>\n\t\t\t\t<section class=\"elementor-section elementor-inner-section elementor-element elementor-element-a6d2dd6 elementor-section-boxed elementor-section-height-default elementor-section-height-default\" data-id=\"a6d2dd6\" data-element_type=\"section\">\n\t\t\t\t\t\t<div class=\"elementor-container elementor-column-gap-default\">\n\t\t\t\t\t<div class=\"elementor-column elementor-col-50 elementor-inner-column elementor-element elementor-element-a3c851e\" data-id=\"a3c851e\" data-element_type=\"column\">\n\t\t\t<div class=\"elementor-widget-wrap elementor-element-populated\">\n\t\t\t\t\t\t<div class=\"elementor-element elementor-element-858747f elementor-align-center elementor-widget elementor-widget-button\" data-id=\"858747f\" data-element_type=\"widget\" data-widget_type=\"button.default\">\n\t\t\t\t<div class=\"elementor-widget-container\">\n\t\t\t\t\t\t\t\t\t<div class=\"elementor-button-wrapper\">\n\t\t\t\t\t<a class=\"elementor-button elementor-button-link elementor-size-sm\" href=\"https:\/\/www.innohelp.es\/innored-participacion\" target=\"_blank\">\n\t\t\t\t\t\t<span class=\"elementor-button-content-wrapper\">\n\t\t\t\t\t\t<span class=\"elementor-button-icon\">\n\t\t\t\t<i aria-hidden=\"true\" class=\"far fa-hand-point-right\"><\/i>\t\t\t<\/span>\n\t\t\t\t\t\t\t\t\t<span class=\"elementor-button-text\">Pulsa aqu\u00ed para inscribirte<\/span>\n\t\t\t\t\t<\/span>\n\t\t\t\t\t<\/a>\n\t\t\t\t<\/div>\n\t\t\t\t\t\t\t\t<\/div>\n\t\t\t\t<\/div>\n\t\t\t\t\t<\/div>\n\t\t<\/div>\n\t\t\t\t<div class=\"elementor-column elementor-col-50 elementor-inner-column elementor-element elementor-element-e83cc76\" data-id=\"e83cc76\" data-element_type=\"column\">\n\t\t\t<div class=\"elementor-widget-wrap elementor-element-populated\">\n\t\t\t\t\t\t<div class=\"elementor-element elementor-element-302febc elementor-align-center elementor-widget elementor-widget-button\" data-id=\"302febc\" data-element_type=\"widget\" data-widget_type=\"button.default\">\n\t\t\t\t<div class=\"elementor-widget-container\">\n\t\t\t\t\t\t\t\t\t<div class=\"elementor-button-wrapper\">\n\t\t\t\t\t<a class=\"elementor-button elementor-button-link elementor-size-sm\" href=\"https:\/\/www.innohelp.es\/innored-informacion\" target=\"_blank\">\n\t\t\t\t\t\t<span class=\"elementor-button-content-wrapper\">\n\t\t\t\t\t\t<span class=\"elementor-button-icon\">\n\t\t\t\t<i aria-hidden=\"true\" class=\"far fa-hand-point-right\"><\/i>\t\t\t<\/span>\n\t\t\t\t\t\t\t\t\t<span class=\"elementor-button-text\">Pulsa aqu\u00ed para ver m\u00e1s informaci\u00f3n<\/span>\n\t\t\t\t\t<\/span>\n\t\t\t\t\t<\/a>\n\t\t\t\t<\/div>\n\t\t\t\t\t\t\t\t<\/div>\n\t\t\t\t<\/div>\n\t\t\t\t\t<\/div>\n\t\t<\/div>\n\t\t\t\t\t<\/div>\n\t\t<\/section>\n\t\t\t\t\t<\/div>\n\t\t<\/div>\n\t\t\t\t\t<\/div>\n\t\t<\/section>\n\t\t\t\t<\/div>\n\t\t","protected":false},"excerpt":{"rendered":"<p>La responsable de I+D+i del Centro Albayz\u00edn \u2013 Centro de Referencia Nacional de Artesan\u00eda, M\u00aa Jos\u00e9 Calvo, participa en INNORED, el primer Foro de Centros de Innovaci\u00f3n Territorial y Centros N\u00f3madas del Conocimiento, que se celebrar\u00e1 los d\u00edas 20 y 21 de noviembre en Ug\u00edjar (Granada).<\/p>\n","protected":false},"author":3,"featured_media":24822,"comment_status":"closed","ping_status":"closed","sticky":false,"template":"","format":"standard","meta":{"_acf_changed":false,"footnotes":""},"categories":[1],"tags":[],"class_list":["post-24820","post","type-post","status-publish","format-standard","has-post-thumbnail","hentry","category-crn-artesania-noticias"],"acf":[],"yoast_head":"<!-- This site is optimized with the Yoast SEO plugin v25.3 - https:\/\/yoast.com\/wordpress\/plugins\/seo\/ -->\n<title>El Centro Albayz\u00edn participa en INNORED, Foro de Centros de Innovaci\u00f3n Territorial y N\u00f3madas del Conocimiento - Escuelas CRN<\/title>\n<meta name=\"robots\" content=\"index, follow, max-snippet:-1, max-image-preview:large, max-video-preview:-1\" \/>\n<link rel=\"canonical\" href=\"https:\/\/ws054.juntadeandalucia.es\/crnandalucia\/centro-albayzin-innored\/\" \/>\n<meta property=\"og:locale\" content=\"es_ES\" \/>\n<meta property=\"og:type\" content=\"article\" \/>\n<meta property=\"og:title\" content=\"El Centro Albayz\u00edn participa en INNORED, Foro de Centros de Innovaci\u00f3n Territorial y N\u00f3madas del Conocimiento - Escuelas CRN\" \/>\n<meta property=\"og:description\" content=\"La responsable de I+D+i del Centro Albayz\u00edn \u2013 Centro de Referencia Nacional de Artesan\u00eda, M\u00aa Jos\u00e9 Calvo, participa en INNORED, el primer Foro de Centros de Innovaci\u00f3n Territorial y Centros N\u00f3madas del Conocimiento, que se celebrar\u00e1 los d\u00edas 20 y 21 de noviembre en Ug\u00edjar (Granada).\" \/>\n<meta property=\"og:url\" content=\"https:\/\/ws054.juntadeandalucia.es\/crnandalucia\/centro-albayzin-innored\/\" \/>\n<meta property=\"og:site_name\" content=\"Escuelas CRN\" \/>\n<meta property=\"article:published_time\" content=\"2025-11-06T10:16:34+00:00\" \/>\n<meta property=\"article:modified_time\" content=\"2025-11-06T10:25:19+00:00\" \/>\n<meta property=\"og:image\" content=\"https:\/\/ws054.juntadeandalucia.es\/crnandalucia\/wp-content\/uploads\/2025\/11\/1759853603647.jpg\" \/>\n\t<meta property=\"og:image:width\" content=\"1890\" \/>\n\t<meta property=\"og:image:height\" content=\"1536\" \/>\n\t<meta property=\"og:image:type\" content=\"image\/jpeg\" \/>\n<meta name=\"author\" content=\"CRN-Artesania\" \/>\n<meta name=\"twitter:card\" content=\"summary_large_image\" \/>\n<meta name=\"twitter:label1\" content=\"Escrito por\" \/>\n\t<meta name=\"twitter:data1\" content=\"CRN-Artesania\" \/>\n\t<meta name=\"twitter:label2\" content=\"Tiempo de lectura\" \/>\n\t<meta name=\"twitter:data2\" content=\"2 minutos\" \/>\n<script type=\"application\/ld+json\" class=\"yoast-schema-graph\">{\"@context\":\"https:\/\/schema.org\",\"@graph\":[{\"@type\":\"WebPage\",\"@id\":\"https:\/\/ws054.juntadeandalucia.es\/crnandalucia\/centro-albayzin-innored\/\",\"url\":\"https:\/\/ws054.juntadeandalucia.es\/crnandalucia\/centro-albayzin-innored\/\",\"name\":\"El Centro Albayz\u00edn participa en INNORED, Foro de Centros de Innovaci\u00f3n Territorial y N\u00f3madas del Conocimiento - Escuelas CRN\",\"isPartOf\":{\"@id\":\"https:\/\/ws054.juntadeandalucia.es\/crnandalucia\/#website\"},\"primaryImageOfPage\":{\"@id\":\"https:\/\/ws054.juntadeandalucia.es\/crnandalucia\/centro-albayzin-innored\/#primaryimage\"},\"image\":{\"@id\":\"https:\/\/ws054.juntadeandalucia.es\/crnandalucia\/centro-albayzin-innored\/#primaryimage\"},\"thumbnailUrl\":\"https:\/\/ws054.juntadeandalucia.es\/crnandalucia\/wp-content\/uploads\/2025\/11\/1759853603647.jpg\",\"datePublished\":\"2025-11-06T10:16:34+00:00\",\"dateModified\":\"2025-11-06T10:25:19+00:00\",\"author\":{\"@id\":\"https:\/\/ws054.juntadeandalucia.es\/crnandalucia\/#\/schema\/person\/b07dcf44811daf38b6dabf1daed9e572\"},\"breadcrumb\":{\"@id\":\"https:\/\/ws054.juntadeandalucia.es\/crnandalucia\/centro-albayzin-innored\/#breadcrumb\"},\"inLanguage\":\"es\",\"potentialAction\":[{\"@type\":\"ReadAction\",\"target\":[\"https:\/\/ws054.juntadeandalucia.es\/crnandalucia\/centro-albayzin-innored\/\"]}]},{\"@type\":\"ImageObject\",\"inLanguage\":\"es\",\"@id\":\"https:\/\/ws054.juntadeandalucia.es\/crnandalucia\/centro-albayzin-innored\/#primaryimage\",\"url\":\"https:\/\/ws054.juntadeandalucia.es\/crnandalucia\/wp-content\/uploads\/2025\/11\/1759853603647.jpg\",\"contentUrl\":\"https:\/\/ws054.juntadeandalucia.es\/crnandalucia\/wp-content\/uploads\/2025\/11\/1759853603647.jpg\",\"width\":1890,\"height\":1536},{\"@type\":\"BreadcrumbList\",\"@id\":\"https:\/\/ws054.juntadeandalucia.es\/crnandalucia\/centro-albayzin-innored\/#breadcrumb\",\"itemListElement\":[{\"@type\":\"ListItem\",\"position\":1,\"name\":\"Portada\",\"item\":\"https:\/\/ws054.juntadeandalucia.es\/crnandalucia\/\"},{\"@type\":\"ListItem\",\"position\":2,\"name\":\"El Centro Albayz\u00edn participa en INNORED, Foro de Centros de Innovaci\u00f3n Territorial y N\u00f3madas del Conocimiento\"}]},{\"@type\":\"WebSite\",\"@id\":\"https:\/\/ws054.juntadeandalucia.es\/crnandalucia\/#website\",\"url\":\"https:\/\/ws054.juntadeandalucia.es\/crnandalucia\/\",\"name\":\"Escuelas CRN\",\"description\":\"\",\"potentialAction\":[{\"@type\":\"SearchAction\",\"target\":{\"@type\":\"EntryPoint\",\"urlTemplate\":\"https:\/\/ws054.juntadeandalucia.es\/crnandalucia\/?s={search_term_string}\"},\"query-input\":{\"@type\":\"PropertyValueSpecification\",\"valueRequired\":true,\"valueName\":\"search_term_string\"}}],\"inLanguage\":\"es\"},{\"@type\":\"Person\",\"@id\":\"https:\/\/ws054.juntadeandalucia.es\/crnandalucia\/#\/schema\/person\/b07dcf44811daf38b6dabf1daed9e572\",\"name\":\"CRN-Artesania\",\"image\":{\"@type\":\"ImageObject\",\"inLanguage\":\"es\",\"@id\":\"https:\/\/ws054.juntadeandalucia.es\/crnandalucia\/#\/schema\/person\/image\/\",\"url\":\"https:\/\/secure.gravatar.com\/avatar\/e8d7e03a793ca7450df952203f6d954e6c20d28b49e90d00bc3d8d1f26a8d873?s=96&d=mm&r=g\",\"contentUrl\":\"https:\/\/secure.gravatar.com\/avatar\/e8d7e03a793ca7450df952203f6d954e6c20d28b49e90d00bc3d8d1f26a8d873?s=96&d=mm&r=g\",\"caption\":\"CRN-Artesania\"},\"url\":\"https:\/\/ws054.juntadeandalucia.es\/crnandalucia\/author\/crn-artesania\/\"}]}<\/script>\n<!-- \/ Yoast SEO plugin. -->","yoast_head_json":{"title":"El Centro Albayz\u00edn participa en INNORED, Foro de Centros de Innovaci\u00f3n Territorial y N\u00f3madas del Conocimiento - Escuelas CRN","robots":{"index":"index","follow":"follow","max-snippet":"max-snippet:-1","max-image-preview":"max-image-preview:large","max-video-preview":"max-video-preview:-1"},"canonical":"https:\/\/ws054.juntadeandalucia.es\/crnandalucia\/centro-albayzin-innored\/","og_locale":"es_ES","og_type":"article","og_title":"El Centro Albayz\u00edn participa en INNORED, Foro de Centros de Innovaci\u00f3n Territorial y N\u00f3madas del Conocimiento - Escuelas CRN","og_description":"La responsable de I+D+i del Centro Albayz\u00edn \u2013 Centro de Referencia Nacional de Artesan\u00eda, M\u00aa Jos\u00e9 Calvo, participa en INNORED, el primer Foro de Centros de Innovaci\u00f3n Territorial y Centros N\u00f3madas del Conocimiento, que se celebrar\u00e1 los d\u00edas 20 y 21 de noviembre en Ug\u00edjar (Granada).","og_url":"https:\/\/ws054.juntadeandalucia.es\/crnandalucia\/centro-albayzin-innored\/","og_site_name":"Escuelas CRN","article_published_time":"2025-11-06T10:16:34+00:00","article_modified_time":"2025-11-06T10:25:19+00:00","og_image":[{"width":1890,"height":1536,"url":"https:\/\/ws054.juntadeandalucia.es\/crnandalucia\/wp-content\/uploads\/2025\/11\/1759853603647.jpg","type":"image\/jpeg"}],"author":"CRN-Artesania","twitter_card":"summary_large_image","twitter_misc":{"Escrito por":"CRN-Artesania","Tiempo de lectura":"2 minutos"},"schema":{"@context":"https:\/\/schema.org","@graph":[{"@type":"WebPage","@id":"https:\/\/ws054.juntadeandalucia.es\/crnandalucia\/centro-albayzin-innored\/","url":"https:\/\/ws054.juntadeandalucia.es\/crnandalucia\/centro-albayzin-innored\/","name":"El Centro Albayz\u00edn participa en INNORED, Foro de Centros de Innovaci\u00f3n Territorial y N\u00f3madas del Conocimiento - Escuelas CRN","isPartOf":{"@id":"https:\/\/ws054.juntadeandalucia.es\/crnandalucia\/#website"},"primaryImageOfPage":{"@id":"https:\/\/ws054.juntadeandalucia.es\/crnandalucia\/centro-albayzin-innored\/#primaryimage"},"image":{"@id":"https:\/\/ws054.juntadeandalucia.es\/crnandalucia\/centro-albayzin-innored\/#primaryimage"},"thumbnailUrl":"https:\/\/ws054.juntadeandalucia.es\/crnandalucia\/wp-content\/uploads\/2025\/11\/1759853603647.jpg","datePublished":"2025-11-06T10:16:34+00:00","dateModified":"2025-11-06T10:25:19+00:00","author":{"@id":"https:\/\/ws054.juntadeandalucia.es\/crnandalucia\/#\/schema\/person\/b07dcf44811daf38b6dabf1daed9e572"},"breadcrumb":{"@id":"https:\/\/ws054.juntadeandalucia.es\/crnandalucia\/centro-albayzin-innored\/#breadcrumb"},"inLanguage":"es","potentialAction":[{"@type":"ReadAction","target":["https:\/\/ws054.juntadeandalucia.es\/crnandalucia\/centro-albayzin-innored\/"]}]},{"@type":"ImageObject","inLanguage":"es","@id":"https:\/\/ws054.juntadeandalucia.es\/crnandalucia\/centro-albayzin-innored\/#primaryimage","url":"https:\/\/ws054.juntadeandalucia.es\/crnandalucia\/wp-content\/uploads\/2025\/11\/1759853603647.jpg","contentUrl":"https:\/\/ws054.juntadeandalucia.es\/crnandalucia\/wp-content\/uploads\/2025\/11\/1759853603647.jpg","width":1890,"height":1536},{"@type":"BreadcrumbList","@id":"https:\/\/ws054.juntadeandalucia.es\/crnandalucia\/centro-albayzin-innored\/#breadcrumb","itemListElement":[{"@type":"ListItem","position":1,"name":"Portada","item":"https:\/\/ws054.juntadeandalucia.es\/crnandalucia\/"},{"@type":"ListItem","position":2,"name":"El Centro Albayz\u00edn participa en INNORED, Foro de Centros de Innovaci\u00f3n Territorial y N\u00f3madas del Conocimiento"}]},{"@type":"WebSite","@id":"https:\/\/ws054.juntadeandalucia.es\/crnandalucia\/#website","url":"https:\/\/ws054.juntadeandalucia.es\/crnandalucia\/","name":"Escuelas CRN","description":"","potentialAction":[{"@type":"SearchAction","target":{"@type":"EntryPoint","urlTemplate":"https:\/\/ws054.juntadeandalucia.es\/crnandalucia\/?s={search_term_string}"},"query-input":{"@type":"PropertyValueSpecification","valueRequired":true,"valueName":"search_term_string"}}],"inLanguage":"es"},{"@type":"Person","@id":"https:\/\/ws054.juntadeandalucia.es\/crnandalucia\/#\/schema\/person\/b07dcf44811daf38b6dabf1daed9e572","name":"CRN-Artesania","image":{"@type":"ImageObject","inLanguage":"es","@id":"https:\/\/ws054.juntadeandalucia.es\/crnandalucia\/#\/schema\/person\/image\/","url":"https:\/\/secure.gravatar.com\/avatar\/e8d7e03a793ca7450df952203f6d954e6c20d28b49e90d00bc3d8d1f26a8d873?s=96&d=mm&r=g","contentUrl":"https:\/\/secure.gravatar.com\/avatar\/e8d7e03a793ca7450df952203f6d954e6c20d28b49e90d00bc3d8d1f26a8d873?s=96&d=mm&r=g","caption":"CRN-Artesania"},"url":"https:\/\/ws054.juntadeandalucia.es\/crnandalucia\/author\/crn-artesania\/"}]}},"_links":{"self":[{"href":"https:\/\/ws054.juntadeandalucia.es\/crnandalucia\/wp-json\/wp\/v2\/posts\/24820","targetHints":{"allow":["GET"]}}],"collection":[{"href":"https:\/\/ws054.juntadeandalucia.es\/crnandalucia\/wp-json\/wp\/v2\/posts"}],"about":[{"href":"https:\/\/ws054.juntadeandalucia.es\/crnandalucia\/wp-json\/wp\/v2\/types\/post"}],"author":[{"embeddable":true,"href":"https:\/\/ws054.juntadeandalucia.es\/crnandalucia\/wp-json\/wp\/v2\/users\/3"}],"replies":[{"embeddable":true,"href":"https:\/\/ws054.juntadeandalucia.es\/crnandalucia\/wp-json\/wp\/v2\/comments?post=24820"}],"version-history":[{"count":10,"href":"https:\/\/ws054.juntadeandalucia.es\/crnandalucia\/wp-json\/wp\/v2\/posts\/24820\/revisions"}],"predecessor-version":[{"id":24832,"href":"https:\/\/ws054.juntadeandalucia.es\/crnandalucia\/wp-json\/wp\/v2\/posts\/24820\/revisions\/24832"}],"wp:featuredmedia":[{"embeddable":true,"href":"https:\/\/ws054.juntadeandalucia.es\/crnandalucia\/wp-json\/wp\/v2\/media\/24822"}],"wp:attachment":[{"href":"https:\/\/ws054.juntadeandalucia.es\/crnandalucia\/wp-json\/wp\/v2\/media?parent=24820"}],"wp:term":[{"taxonomy":"category","embeddable":true,"href":"https:\/\/ws054.juntadeandalucia.es\/crnandalucia\/wp-json\/wp\/v2\/categories?post=24820"},{"taxonomy":"post_tag","embeddable":true,"href":"https:\/\/ws054.juntadeandalucia.es\/crnandalucia\/wp-json\/wp\/v2\/tags?post=24820"}],"curies":[{"name":"wp","href":"https:\/\/api.w.org\/{rel}","templated":true}]}}