{"id":22653,"date":"2025-03-07T14:14:39","date_gmt":"2025-03-07T13:14:39","guid":{"rendered":"https:\/\/ws054.juntadeandalucia.es\/crnandalucia\/?p=22653"},"modified":"2025-03-10T09:16:29","modified_gmt":"2025-03-10T08:16:29","slug":"8-m-dia-internacional-de-la-mujer","status":"publish","type":"post","link":"https:\/\/ws054.juntadeandalucia.es\/crnandalucia\/8-m-dia-internacional-de-la-mujer\/","title":{"rendered":"8-M, D\u00eda Internacional de la Mujer"},"content":{"rendered":"\n<p class=\"has-medium-font-size wp-block-paragraph\"><strong>Mujeres que Transforman la Industria del Mueble: Visibilizando su Talento y Contribuci\u00f3n<\/strong><\/p>\n\n\n\n<p class=\"wp-block-paragraph\">La industria del mueble ha sido, hist\u00f3ricamente, un sector predominantemente masculino. Sin embargo, las mujeres han ido ganando presencia, demostrando su talento y capacidad en un \u00e1mbito en el que, seg\u00fan los \u00faltimos datos del Observatorio de las Ocupaciones, el 80,8 % de los trabajadores del sector son hombres y solo el 19,2 % son mujeres. En el marco del D\u00eda Internacional de la Mujer, la Escuela de Madera &#8211; CRN de Producci\u00f3n, Carpinter\u00eda y Mueble quiere rendir homenaje a estas profesionales y dar visibilidad a su labor con la iniciativa <strong>\u00abSelfie con mujeres en la industria del mueble\u00bb<\/strong>.<\/p>\n\n\n\n<h3 class=\"wp-block-heading\">Una iniciativa para dar visibilidad a la mujer en el sector<\/h3>\n\n\n\n<p class=\"wp-block-paragraph\">El CRN de Producci\u00f3n, Carpinter\u00eda y Mueble ha puesto en marcha esta acci\u00f3n con el objetivo de destacar la presencia femenina en el sector. La propuesta invita a los centros de Formaci\u00f3n Profesional de la familia profesional madera y mueble de toda Espa\u00f1a a participar en una din\u00e1mica sencilla pero con gran impacto: realizar un selfie con una mujer trabajadora del sector durante los d\u00edas de formaci\u00f3n en empresa (formaci\u00f3n dual).<\/p>\n\n\n\n<p class=\"wp-block-paragraph\">Con esta iniciativa, se busca poner rostro a las mujeres que d\u00eda a d\u00eda contribuyen a la evoluci\u00f3n del sector del mueble, dando a conocer su esfuerzo, su talento y su papel fundamental en la industria. Adem\u00e1s, la acci\u00f3n pretende inspirar a nuevas generaciones de mujeres a formarse en este \u00e1mbito y a reivindicar su espacio en un mundo tradicionalmente masculinizado.<\/p>\n\n\n<div class=\"wp-block-image\">\n<figure class=\"aligncenter size-large is-resized\"><img fetchpriority=\"high\" decoding=\"async\" src=\"https:\/\/ws054.juntadeandalucia.es\/crnandalucia\/wp-content\/uploads\/2025\/03\/grupo-escuela-madera-1-1024x768.png\" alt=\"\" class=\"wp-image-22659\" width=\"607\" height=\"455\" srcset=\"https:\/\/ws054.juntadeandalucia.es\/crnandalucia\/wp-content\/uploads\/2025\/03\/grupo-escuela-madera-1-1024x768.png 1024w, https:\/\/ws054.juntadeandalucia.es\/crnandalucia\/wp-content\/uploads\/2025\/03\/grupo-escuela-madera-1-300x225.png 300w, https:\/\/ws054.juntadeandalucia.es\/crnandalucia\/wp-content\/uploads\/2025\/03\/grupo-escuela-madera-1-768x576.png 768w, https:\/\/ws054.juntadeandalucia.es\/crnandalucia\/wp-content\/uploads\/2025\/03\/grupo-escuela-madera-1-1536x1152.png 1536w, https:\/\/ws054.juntadeandalucia.es\/crnandalucia\/wp-content\/uploads\/2025\/03\/grupo-escuela-madera-1-2048x1536.png 2048w\" sizes=\"(max-width: 607px) 100vw, 607px\" \/><\/figure>\n<\/div>\n\n\n<p class=\"wp-block-paragraph\"><strong>Ester Gelo Bejarano<\/strong> <strong>es la \u00fanica mujer<\/strong>, alumna de la promoci\u00f3n del curso de Mecanizado de piezas de madera y derivados con centros de control num\u00e9rico CNC de la <strong>Escuela de Madera del SAE.<\/strong><\/p>\n\n\n\n<p class=\"wp-block-paragraph\"><\/p>\n\n\n<div class=\"wp-block-image\">\n<figure class=\"aligncenter size-large is-resized\"><img decoding=\"async\" src=\"https:\/\/ws054.juntadeandalucia.es\/crnandalucia\/wp-content\/uploads\/2025\/03\/foto-portada-escola-barcelona-1024x768.png\" alt=\"\" class=\"wp-image-22656\" width=\"594\" height=\"446\" srcset=\"https:\/\/ws054.juntadeandalucia.es\/crnandalucia\/wp-content\/uploads\/2025\/03\/foto-portada-escola-barcelona-1024x768.png 1024w, https:\/\/ws054.juntadeandalucia.es\/crnandalucia\/wp-content\/uploads\/2025\/03\/foto-portada-escola-barcelona-300x225.png 300w, https:\/\/ws054.juntadeandalucia.es\/crnandalucia\/wp-content\/uploads\/2025\/03\/foto-portada-escola-barcelona-768x576.png 768w, https:\/\/ws054.juntadeandalucia.es\/crnandalucia\/wp-content\/uploads\/2025\/03\/foto-portada-escola-barcelona-1536x1152.png 1536w, https:\/\/ws054.juntadeandalucia.es\/crnandalucia\/wp-content\/uploads\/2025\/03\/foto-portada-escola-barcelona.png 2048w\" sizes=\"(max-width: 594px) 100vw, 594px\" \/><\/figure>\n<\/div>\n\n\n<div class=\"wp-block-columns is-layout-flex wp-container-core-columns-is-layout-8f761849 wp-block-columns-is-layout-flex\">\n<div class=\"wp-block-column is-layout-flow wp-block-column-is-layout-flow\"><\/div>\n\n\n\n<div class=\"wp-block-column is-layout-flow wp-block-column-is-layout-flow\"><\/div>\n<\/div>\n\n\n\n<p class=\"wp-block-paragraph\">\u201c<em>Tengo la suerte de compartir esta imagen con <strong>May Rojas<\/strong>, una de las pocas profesoras de taller de FP de carpinter\u00eda y mueble de la <strong>Escola del Treball de Barcelona<\/strong>, y con las alumnas de primero del grado superior de Dise\u00f1o y Amueblamiento.<\/em><\/p>\n\n\n\n<p class=\"wp-block-paragraph\"><em>Ellas son un gran ejemplo de talento y pasi\u00f3n en un sector tradicionalmente masculinizado. Juntos hemos mecanizado con el CNC la estructura interior de las tablas de surf que estamos fabricando. \u00a1Un paso m\u00e1s para visibilizar y reforzar el papel de las mujeres en el oficio!\u201d<\/em><\/p>\n\n\n<div class=\"wp-block-image\">\n<figure class=\"aligncenter size-large is-resized\"><img decoding=\"async\" src=\"https:\/\/ws054.juntadeandalucia.es\/crnandalucia\/wp-content\/uploads\/2025\/03\/ies-las-palmas-2-1024x766.png\" alt=\"\" class=\"wp-image-22661\" width=\"561\" height=\"419\" srcset=\"https:\/\/ws054.juntadeandalucia.es\/crnandalucia\/wp-content\/uploads\/2025\/03\/ies-las-palmas-2-1024x766.png 1024w, https:\/\/ws054.juntadeandalucia.es\/crnandalucia\/wp-content\/uploads\/2025\/03\/ies-las-palmas-2-300x225.png 300w, https:\/\/ws054.juntadeandalucia.es\/crnandalucia\/wp-content\/uploads\/2025\/03\/ies-las-palmas-2-768x575.png 768w, https:\/\/ws054.juntadeandalucia.es\/crnandalucia\/wp-content\/uploads\/2025\/03\/ies-las-palmas-2-1536x1150.png 1536w, https:\/\/ws054.juntadeandalucia.es\/crnandalucia\/wp-content\/uploads\/2025\/03\/ies-las-palmas-2-2048x1533.png 2048w\" sizes=\"(max-width: 561px) 100vw, 561px\" \/><\/figure>\n<\/div>\n\n\n<p class=\"wp-block-paragraph\">Daniel Rodr\u00edguez, alumno del <strong>IES Fernando Sagaseta<\/strong>, comparte el ejemplo inspirador de <strong>Melany Rodr\u00edguez<\/strong>, trabajadora del sector industrial y antigua alumna del centro. Melany trabaja como operaria de CNC, especializada en procesos de acabado, montaje y mecanizados.<\/p>\n\n\n\n<p class=\"wp-block-paragraph\">Su empresa destaca su esfuerzo, dedicaci\u00f3n y profesionalidad, reconoci\u00e9ndola como una trabajadora excepcional que refleja los valores de compromiso y excelencia.<\/p>\n\n\n<div class=\"wp-block-image\">\n<figure class=\"aligncenter size-large is-resized\"><img loading=\"lazy\" decoding=\"async\" src=\"https:\/\/ws054.juntadeandalucia.es\/crnandalucia\/wp-content\/uploads\/2025\/03\/Cellia-2-1024x564.png\" alt=\"\" class=\"wp-image-22688\" width=\"570\" height=\"313\" srcset=\"https:\/\/ws054.juntadeandalucia.es\/crnandalucia\/wp-content\/uploads\/2025\/03\/Cellia-2-1024x564.png 1024w, https:\/\/ws054.juntadeandalucia.es\/crnandalucia\/wp-content\/uploads\/2025\/03\/Cellia-2-300x165.png 300w, https:\/\/ws054.juntadeandalucia.es\/crnandalucia\/wp-content\/uploads\/2025\/03\/Cellia-2-768x423.png 768w, https:\/\/ws054.juntadeandalucia.es\/crnandalucia\/wp-content\/uploads\/2025\/03\/Cellia-2.png 1075w\" sizes=\"(max-width: 570px) 100vw, 570px\" \/><\/figure>\n<\/div>\n\n\n<p class=\"wp-block-paragraph\"><strong>Celia <\/strong>inicia el proceso de fabricaci\u00f3n de una mesa de madera de fresno y sapelly. Usa la escuadradora de manera aut\u00f3noma y con seguridad en el taller del <strong>IES Alhamilla de Almer\u00eda.<\/strong><\/p>\n\n\n\n<p class=\"wp-block-paragraph\"><strong>Las mujeres que trabajan en la industria del mueble desempe\u00f1an un papel crucial en todas las etapas de producci\u00f3n<\/strong>, desde el dise\u00f1o y la fabricaci\u00f3n hasta la innovaci\u00f3n y la gesti\u00f3n empresarial. Su visi\u00f3n aporta creatividad, precisi\u00f3n y nuevas formas de entender el trabajo con la madera, contribuyendo al avance y la modernizaci\u00f3n del sector.<\/p>\n\n\n<div class=\"wp-block-image\">\n<figure class=\"aligncenter size-full\"><img loading=\"lazy\" decoding=\"async\" width=\"427\" height=\"689\" src=\"https:\/\/ws054.juntadeandalucia.es\/crnandalucia\/wp-content\/uploads\/2025\/03\/alumnas-escuela-madera.png\" alt=\"\" class=\"wp-image-22662\" srcset=\"https:\/\/ws054.juntadeandalucia.es\/crnandalucia\/wp-content\/uploads\/2025\/03\/alumnas-escuela-madera.png 427w, https:\/\/ws054.juntadeandalucia.es\/crnandalucia\/wp-content\/uploads\/2025\/03\/alumnas-escuela-madera-186x300.png 186w\" sizes=\"(max-width: 427px) 100vw, 427px\" \/><\/figure>\n<\/div>\n\n\n<p class=\"wp-block-paragraph\">Muchas de ellas han pasado por la Escuela de Madera, donde han recibido formaci\u00f3n especializada y han logrado incorporarse con \u00e9xito a un mercado laboral que, poco a poco, se abre a la diversidad de g\u00e9nero. Estas profesionales no solo desaf\u00edan estereotipos, sino que tambi\u00e9n demuestran que la habilidad, la destreza y la pasi\u00f3n no tienen g\u00e9nero.<\/p>\n\n\n\n<h3 class=\"wp-block-heading\">Hacia un futuro m\u00e1s igualitario<\/h3>\n\n\n\n<p class=\"wp-block-paragraph\">Visibilizar el trabajo de la mujer en la industria del mueble no solo es una cuesti\u00f3n de justicia, sino tambi\u00e9n una necesidad para el crecimiento y la evoluci\u00f3n del sector. La diversidad de talento enriquece el \u00e1mbito profesional y fortalece la competitividad de la industria. Por ello, iniciativas como \u00ab<em><strong>Selfie con mujeres en la industria del mueble<\/strong><\/em>\u00bb son esenciales para seguir avanzando en la construcci\u00f3n de un sector m\u00e1s inclusivo, donde la igualdad de oportunidades sea una realidad.<\/p>\n\n\n\n<p class=\"wp-block-paragraph\">Este <strong>8 de <\/strong><strong>M<\/strong><strong>arzo<\/strong>, celebramos el talento y la contribuci\u00f3n de todas las mujeres que, con esfuerzo y determinaci\u00f3n, est\u00e1n dejando su huella en la carpinter\u00eda y el mueble. Su labor es un referente para las futuras generaciones y una inspiraci\u00f3n para continuar trabajando por una industria m\u00e1s equitativa y diversa.<\/p>\n\n\n\n<h3 class=\"wp-block-heading\">Nuestro agradecimiento a los centros de Formaci\u00f3n Profesional de la familia madera-mueble que han participado en la iniciativa \u201c<em>Selfie con mujeres en la industria del mueble<\/em>\u201d.<\/h3>\n\n\n\n<p class=\"wp-block-paragraph\"><strong>ROMPIENDO ESTEREOT\u00cdPOS:<\/strong>  \u25b6\ufe0f<\/p>\n\n\n\n<figure class=\"wp-block-video\"><video height=\"1920\" style=\"aspect-ratio: 1080 \/ 1920;\" width=\"1080\" controls src=\"https:\/\/ws054.juntadeandalucia.es\/crnandalucia\/wp-content\/uploads\/2025\/03\/8M-2-1.mp4\"><\/video><\/figure>\n","protected":false},"excerpt":{"rendered":"<p><!-- wp:paragraph {\"fontSize\":\"medium\"} --> <\/p>\n<p class=\"has-medium-font-size\"><strong>Mujeres que Transforman la Industria del Mueble: Visibilizando su Talento y Contribuci\u00f3n<\/strong><\/p>\n<p> <!-- \/wp:paragraph --> <!-- wp:paragraph --> <\/p>\n<p>La industria del mueble ha sido, hist\u00f3ricamente, un sector predominantemente masculino. Sin embargo, las mujeres han ido ganando presencia, demostrando su talento y capacidad en un \u00e1mbito<!-- \/wp:paragraph --><\/p>\n","protected":false},"author":4,"featured_media":22665,"comment_status":"closed","ping_status":"closed","sticky":false,"template":"","format":"standard","meta":{"_acf_changed":false,"footnotes":""},"categories":[3],"tags":[34,495],"class_list":["post-22653","post","type-post","status-publish","format-standard","has-post-thumbnail","hentry","category-noticias-crn-carpinteria-y-madera","tag-somoscrn","tag-crnmadera-2"],"acf":[],"yoast_head":"<!-- This site is optimized with the Yoast SEO plugin v25.3 - https:\/\/yoast.com\/wordpress\/plugins\/seo\/ -->\n<title>8-M, D\u00eda Internacional de la Mujer - Escuelas CRN<\/title>\n<meta name=\"robots\" content=\"index, follow, max-snippet:-1, max-image-preview:large, max-video-preview:-1\" \/>\n<link rel=\"canonical\" href=\"https:\/\/ws054.juntadeandalucia.es\/crnandalucia\/8-m-dia-internacional-de-la-mujer\/\" \/>\n<meta property=\"og:locale\" content=\"es_ES\" \/>\n<meta property=\"og:type\" content=\"article\" \/>\n<meta property=\"og:title\" content=\"8-M, D\u00eda Internacional de la Mujer - Escuelas CRN\" \/>\n<meta property=\"og:description\" content=\"Mujeres que Transforman la Industria del Mueble: Visibilizando su Talento y Contribuci\u00f3n  La industria del mueble ha sido, hist\u00f3ricamente, un sector predominantemente masculino. Sin embargo, las mujeres han ido ganando presencia, demostrando su talento y capacidad en un \u00e1mbito\" \/>\n<meta property=\"og:url\" content=\"https:\/\/ws054.juntadeandalucia.es\/crnandalucia\/8-m-dia-internacional-de-la-mujer\/\" \/>\n<meta property=\"og:site_name\" content=\"Escuelas CRN\" \/>\n<meta property=\"article:published_time\" content=\"2025-03-07T13:14:39+00:00\" \/>\n<meta property=\"article:modified_time\" content=\"2025-03-10T08:16:29+00:00\" \/>\n<meta property=\"og:image\" content=\"https:\/\/ws054.juntadeandalucia.es\/crnandalucia\/wp-content\/uploads\/2025\/03\/8M-rompiendo-estereotipos.png\" \/>\n\t<meta property=\"og:image:width\" content=\"2257\" \/>\n\t<meta property=\"og:image:height\" content=\"1355\" \/>\n\t<meta property=\"og:image:type\" content=\"image\/png\" \/>\n<meta name=\"author\" content=\"CRN-Carpinteria\" \/>\n<meta name=\"twitter:card\" content=\"summary_large_image\" \/>\n<meta name=\"twitter:label1\" content=\"Escrito por\" \/>\n\t<meta name=\"twitter:data1\" content=\"CRN-Carpinteria\" \/>\n\t<meta name=\"twitter:label2\" content=\"Tiempo de lectura\" \/>\n\t<meta name=\"twitter:data2\" content=\"5 minutos\" \/>\n<script type=\"application\/ld+json\" class=\"yoast-schema-graph\">{\"@context\":\"https:\/\/schema.org\",\"@graph\":[{\"@type\":\"WebPage\",\"@id\":\"https:\/\/ws054.juntadeandalucia.es\/crnandalucia\/8-m-dia-internacional-de-la-mujer\/\",\"url\":\"https:\/\/ws054.juntadeandalucia.es\/crnandalucia\/8-m-dia-internacional-de-la-mujer\/\",\"name\":\"8-M, D\u00eda Internacional de la Mujer - Escuelas CRN\",\"isPartOf\":{\"@id\":\"https:\/\/ws054.juntadeandalucia.es\/crnandalucia\/#website\"},\"primaryImageOfPage\":{\"@id\":\"https:\/\/ws054.juntadeandalucia.es\/crnandalucia\/8-m-dia-internacional-de-la-mujer\/#primaryimage\"},\"image\":{\"@id\":\"https:\/\/ws054.juntadeandalucia.es\/crnandalucia\/8-m-dia-internacional-de-la-mujer\/#primaryimage\"},\"thumbnailUrl\":\"https:\/\/ws054.juntadeandalucia.es\/crnandalucia\/wp-content\/uploads\/2025\/03\/8M-rompiendo-estereotipos.png\",\"datePublished\":\"2025-03-07T13:14:39+00:00\",\"dateModified\":\"2025-03-10T08:16:29+00:00\",\"author\":{\"@id\":\"https:\/\/ws054.juntadeandalucia.es\/crnandalucia\/#\/schema\/person\/18507a1f1c557d6720560c0b95aa579c\"},\"breadcrumb\":{\"@id\":\"https:\/\/ws054.juntadeandalucia.es\/crnandalucia\/8-m-dia-internacional-de-la-mujer\/#breadcrumb\"},\"inLanguage\":\"es\",\"potentialAction\":[{\"@type\":\"ReadAction\",\"target\":[\"https:\/\/ws054.juntadeandalucia.es\/crnandalucia\/8-m-dia-internacional-de-la-mujer\/\"]}]},{\"@type\":\"ImageObject\",\"inLanguage\":\"es\",\"@id\":\"https:\/\/ws054.juntadeandalucia.es\/crnandalucia\/8-m-dia-internacional-de-la-mujer\/#primaryimage\",\"url\":\"https:\/\/ws054.juntadeandalucia.es\/crnandalucia\/wp-content\/uploads\/2025\/03\/8M-rompiendo-estereotipos.png\",\"contentUrl\":\"https:\/\/ws054.juntadeandalucia.es\/crnandalucia\/wp-content\/uploads\/2025\/03\/8M-rompiendo-estereotipos.png\",\"width\":2257,\"height\":1355},{\"@type\":\"BreadcrumbList\",\"@id\":\"https:\/\/ws054.juntadeandalucia.es\/crnandalucia\/8-m-dia-internacional-de-la-mujer\/#breadcrumb\",\"itemListElement\":[{\"@type\":\"ListItem\",\"position\":1,\"name\":\"Portada\",\"item\":\"https:\/\/ws054.juntadeandalucia.es\/crnandalucia\/\"},{\"@type\":\"ListItem\",\"position\":2,\"name\":\"8-M, D\u00eda Internacional de la Mujer\"}]},{\"@type\":\"WebSite\",\"@id\":\"https:\/\/ws054.juntadeandalucia.es\/crnandalucia\/#website\",\"url\":\"https:\/\/ws054.juntadeandalucia.es\/crnandalucia\/\",\"name\":\"Escuelas CRN\",\"description\":\"\",\"potentialAction\":[{\"@type\":\"SearchAction\",\"target\":{\"@type\":\"EntryPoint\",\"urlTemplate\":\"https:\/\/ws054.juntadeandalucia.es\/crnandalucia\/?s={search_term_string}\"},\"query-input\":{\"@type\":\"PropertyValueSpecification\",\"valueRequired\":true,\"valueName\":\"search_term_string\"}}],\"inLanguage\":\"es\"},{\"@type\":\"Person\",\"@id\":\"https:\/\/ws054.juntadeandalucia.es\/crnandalucia\/#\/schema\/person\/18507a1f1c557d6720560c0b95aa579c\",\"name\":\"CRN-Carpinteria\",\"image\":{\"@type\":\"ImageObject\",\"inLanguage\":\"es\",\"@id\":\"https:\/\/ws054.juntadeandalucia.es\/crnandalucia\/#\/schema\/person\/image\/\",\"url\":\"https:\/\/secure.gravatar.com\/avatar\/f12e6457226c2c783ce0f288254d015da501299f09d3dcebbb25d0d5cc90c382?s=96&d=mm&r=g\",\"contentUrl\":\"https:\/\/secure.gravatar.com\/avatar\/f12e6457226c2c783ce0f288254d015da501299f09d3dcebbb25d0d5cc90c382?s=96&d=mm&r=g\",\"caption\":\"CRN-Carpinteria\"},\"url\":\"https:\/\/ws054.juntadeandalucia.es\/crnandalucia\/author\/crn-carpinteria\/\"}]}<\/script>\n<!-- \/ Yoast SEO plugin. -->","yoast_head_json":{"title":"8-M, D\u00eda Internacional de la Mujer - Escuelas CRN","robots":{"index":"index","follow":"follow","max-snippet":"max-snippet:-1","max-image-preview":"max-image-preview:large","max-video-preview":"max-video-preview:-1"},"canonical":"https:\/\/ws054.juntadeandalucia.es\/crnandalucia\/8-m-dia-internacional-de-la-mujer\/","og_locale":"es_ES","og_type":"article","og_title":"8-M, D\u00eda Internacional de la Mujer - Escuelas CRN","og_description":"Mujeres que Transforman la Industria del Mueble: Visibilizando su Talento y Contribuci\u00f3n  La industria del mueble ha sido, hist\u00f3ricamente, un sector predominantemente masculino. Sin embargo, las mujeres han ido ganando presencia, demostrando su talento y capacidad en un \u00e1mbito","og_url":"https:\/\/ws054.juntadeandalucia.es\/crnandalucia\/8-m-dia-internacional-de-la-mujer\/","og_site_name":"Escuelas CRN","article_published_time":"2025-03-07T13:14:39+00:00","article_modified_time":"2025-03-10T08:16:29+00:00","og_image":[{"width":2257,"height":1355,"url":"https:\/\/ws054.juntadeandalucia.es\/crnandalucia\/wp-content\/uploads\/2025\/03\/8M-rompiendo-estereotipos.png","type":"image\/png"}],"author":"CRN-Carpinteria","twitter_card":"summary_large_image","twitter_misc":{"Escrito por":"CRN-Carpinteria","Tiempo de lectura":"5 minutos"},"schema":{"@context":"https:\/\/schema.org","@graph":[{"@type":"WebPage","@id":"https:\/\/ws054.juntadeandalucia.es\/crnandalucia\/8-m-dia-internacional-de-la-mujer\/","url":"https:\/\/ws054.juntadeandalucia.es\/crnandalucia\/8-m-dia-internacional-de-la-mujer\/","name":"8-M, D\u00eda Internacional de la Mujer - Escuelas CRN","isPartOf":{"@id":"https:\/\/ws054.juntadeandalucia.es\/crnandalucia\/#website"},"primaryImageOfPage":{"@id":"https:\/\/ws054.juntadeandalucia.es\/crnandalucia\/8-m-dia-internacional-de-la-mujer\/#primaryimage"},"image":{"@id":"https:\/\/ws054.juntadeandalucia.es\/crnandalucia\/8-m-dia-internacional-de-la-mujer\/#primaryimage"},"thumbnailUrl":"https:\/\/ws054.juntadeandalucia.es\/crnandalucia\/wp-content\/uploads\/2025\/03\/8M-rompiendo-estereotipos.png","datePublished":"2025-03-07T13:14:39+00:00","dateModified":"2025-03-10T08:16:29+00:00","author":{"@id":"https:\/\/ws054.juntadeandalucia.es\/crnandalucia\/#\/schema\/person\/18507a1f1c557d6720560c0b95aa579c"},"breadcrumb":{"@id":"https:\/\/ws054.juntadeandalucia.es\/crnandalucia\/8-m-dia-internacional-de-la-mujer\/#breadcrumb"},"inLanguage":"es","potentialAction":[{"@type":"ReadAction","target":["https:\/\/ws054.juntadeandalucia.es\/crnandalucia\/8-m-dia-internacional-de-la-mujer\/"]}]},{"@type":"ImageObject","inLanguage":"es","@id":"https:\/\/ws054.juntadeandalucia.es\/crnandalucia\/8-m-dia-internacional-de-la-mujer\/#primaryimage","url":"https:\/\/ws054.juntadeandalucia.es\/crnandalucia\/wp-content\/uploads\/2025\/03\/8M-rompiendo-estereotipos.png","contentUrl":"https:\/\/ws054.juntadeandalucia.es\/crnandalucia\/wp-content\/uploads\/2025\/03\/8M-rompiendo-estereotipos.png","width":2257,"height":1355},{"@type":"BreadcrumbList","@id":"https:\/\/ws054.juntadeandalucia.es\/crnandalucia\/8-m-dia-internacional-de-la-mujer\/#breadcrumb","itemListElement":[{"@type":"ListItem","position":1,"name":"Portada","item":"https:\/\/ws054.juntadeandalucia.es\/crnandalucia\/"},{"@type":"ListItem","position":2,"name":"8-M, D\u00eda Internacional de la Mujer"}]},{"@type":"WebSite","@id":"https:\/\/ws054.juntadeandalucia.es\/crnandalucia\/#website","url":"https:\/\/ws054.juntadeandalucia.es\/crnandalucia\/","name":"Escuelas CRN","description":"","potentialAction":[{"@type":"SearchAction","target":{"@type":"EntryPoint","urlTemplate":"https:\/\/ws054.juntadeandalucia.es\/crnandalucia\/?s={search_term_string}"},"query-input":{"@type":"PropertyValueSpecification","valueRequired":true,"valueName":"search_term_string"}}],"inLanguage":"es"},{"@type":"Person","@id":"https:\/\/ws054.juntadeandalucia.es\/crnandalucia\/#\/schema\/person\/18507a1f1c557d6720560c0b95aa579c","name":"CRN-Carpinteria","image":{"@type":"ImageObject","inLanguage":"es","@id":"https:\/\/ws054.juntadeandalucia.es\/crnandalucia\/#\/schema\/person\/image\/","url":"https:\/\/secure.gravatar.com\/avatar\/f12e6457226c2c783ce0f288254d015da501299f09d3dcebbb25d0d5cc90c382?s=96&d=mm&r=g","contentUrl":"https:\/\/secure.gravatar.com\/avatar\/f12e6457226c2c783ce0f288254d015da501299f09d3dcebbb25d0d5cc90c382?s=96&d=mm&r=g","caption":"CRN-Carpinteria"},"url":"https:\/\/ws054.juntadeandalucia.es\/crnandalucia\/author\/crn-carpinteria\/"}]}},"_links":{"self":[{"href":"https:\/\/ws054.juntadeandalucia.es\/crnandalucia\/wp-json\/wp\/v2\/posts\/22653","targetHints":{"allow":["GET"]}}],"collection":[{"href":"https:\/\/ws054.juntadeandalucia.es\/crnandalucia\/wp-json\/wp\/v2\/posts"}],"about":[{"href":"https:\/\/ws054.juntadeandalucia.es\/crnandalucia\/wp-json\/wp\/v2\/types\/post"}],"author":[{"embeddable":true,"href":"https:\/\/ws054.juntadeandalucia.es\/crnandalucia\/wp-json\/wp\/v2\/users\/4"}],"replies":[{"embeddable":true,"href":"https:\/\/ws054.juntadeandalucia.es\/crnandalucia\/wp-json\/wp\/v2\/comments?post=22653"}],"version-history":[{"count":7,"href":"https:\/\/ws054.juntadeandalucia.es\/crnandalucia\/wp-json\/wp\/v2\/posts\/22653\/revisions"}],"predecessor-version":[{"id":22692,"href":"https:\/\/ws054.juntadeandalucia.es\/crnandalucia\/wp-json\/wp\/v2\/posts\/22653\/revisions\/22692"}],"wp:featuredmedia":[{"embeddable":true,"href":"https:\/\/ws054.juntadeandalucia.es\/crnandalucia\/wp-json\/wp\/v2\/media\/22665"}],"wp:attachment":[{"href":"https:\/\/ws054.juntadeandalucia.es\/crnandalucia\/wp-json\/wp\/v2\/media?parent=22653"}],"wp:term":[{"taxonomy":"category","embeddable":true,"href":"https:\/\/ws054.juntadeandalucia.es\/crnandalucia\/wp-json\/wp\/v2\/categories?post=22653"},{"taxonomy":"post_tag","embeddable":true,"href":"https:\/\/ws054.juntadeandalucia.es\/crnandalucia\/wp-json\/wp\/v2\/tags?post=22653"}],"curies":[{"name":"wp","href":"https:\/\/api.w.org\/{rel}","templated":true}]}}