{"id":22058,"date":"2025-02-17T13:28:03","date_gmt":"2025-02-17T12:28:03","guid":{"rendered":"https:\/\/ws054.juntadeandalucia.es\/crnandalucia\/?p=22058"},"modified":"2025-02-24T08:50:16","modified_gmt":"2025-02-24T07:50:16","slug":"visita_carpinteria_armar_alhambra","status":"publish","type":"post","link":"https:\/\/ws054.juntadeandalucia.es\/crnandalucia\/visita_carpinteria_armar_alhambra\/","title":{"rendered":"El curso de Carpinter\u00eda de Armar Espa\u00f1ola finaliza con visitas did\u00e1cticas a la Alhambra y al patrimonio granadino"},"content":{"rendered":"\t\t<div data-elementor-type=\"wp-post\" data-elementor-id=\"22058\" class=\"elementor elementor-22058\" data-elementor-post-type=\"post\">\n\t\t\t\t\t\t<section class=\"elementor-section elementor-top-section elementor-element elementor-element-6a92423 elementor-section-boxed elementor-section-height-default elementor-section-height-default\" data-id=\"6a92423\" data-element_type=\"section\">\n\t\t\t\t\t\t<div class=\"elementor-container elementor-column-gap-default\">\n\t\t\t\t\t<div class=\"elementor-column elementor-col-100 elementor-top-column elementor-element elementor-element-9769d4d\" data-id=\"9769d4d\" data-element_type=\"column\">\n\t\t\t<div class=\"elementor-widget-wrap elementor-element-populated\">\n\t\t\t\t\t\t<div class=\"elementor-element elementor-element-2e2a123 elementor-widget elementor-widget-text-editor\" data-id=\"2e2a123\" data-element_type=\"widget\" data-widget_type=\"text-editor.default\">\n\t\t\t\t<div class=\"elementor-widget-container\">\n\t\t\t\t\t\t\t\t\t<p>El curso <strong>\u2018Elaboraci\u00f3n de Elementos de Carpinter\u00eda de Armar Espa\u00f1ola\u2019<\/strong>, impartido en el Centro Albayz\u00edn, Escuela de Formaci\u00f3n del Servicio Andaluz de Empleo, ha llegado a su fin con tres jornadas de visitas did\u00e1cticas, que han permitido al alumnado analizar in situ ejemplos representativos de la carpinter\u00eda de armar en la arquitectura nazar\u00ed, morisca y mud\u00e9jar de Granada.<\/p><p>En la <strong>primera jornada<\/strong>, el grupo recorri\u00f3 espacios hist\u00f3ricos fundamentales para la evoluci\u00f3n de la arquitectura en la ciudad. La visita comenz\u00f3 en el<strong> Cuarto Real de Santo Domingo<\/strong>, un antiguo palacio nazar\u00ed que a\u00fan conserva restos de su estructura original, para continuar con el<strong> Corral del Carb\u00f3n<\/strong>, \u00fanica alh\u00f3ndiga nazar\u00ed conservada en la pen\u00ednsula. Posteriormente, exploraron el <strong>Ba\u00f1uelo<\/strong>, un hammam del siglo XI, y diversas casas moriscas como la<strong> Casa de Zafra<\/strong>, la <strong>Casa Horno de Oro<\/strong> y el<strong> Palacio de Dar al-Horra<\/strong>, residencia de la madre de Boabdil. En cada uno de estos espacios, el alumnado pudo identificar y analizar distintas soluciones constructivas de la carpinter\u00eda de armar aplicada a las cubiertas.<\/p><p>La <strong>segunda jornada<\/strong> estuvo dedicada a la carpinter\u00eda de armar en contextos religiosos y muse\u00edsticos. En la<strong> Iglesia de San Jos\u00e9<\/strong>, construida sobre una antigua mezquita, observaron una diferentes elementos mud\u00e9jares. En el<strong> Museo Arqueol\u00f3gico<\/strong>, pudieron examinar fragmentos de estructuras de madera que ilustran la evoluci\u00f3n de esta t\u00e9cnica. La visita continu\u00f3 en las<strong> Iglesias de San Pedro y San Pablo y Santa Ana<\/strong>, espacios donde la influencia morisca a\u00fan se percibe en la construcci\u00f3n de sus cubiertas. La jornada concluy\u00f3 en la<strong> Madraza<\/strong>, antigua universidad isl\u00e1mica, y en el<strong> Museo Casa de los Tiros<\/strong>, para admirar respectivamente sus impresionantes armaduras.<\/p><p>Para finalizar esta serie de visitas, el grupo tuvo el privilegio de acceder a la Alhambra, explorando espacios normalmente cerrados al p\u00fablico, lo que les permiti\u00f3 contemplar ejemplos excepcionales de armaduras de madera. Entre ellos, destacan las ubicadas en el <strong>Oratorio del Partal y las Casas del Partal<\/strong>, que albergan dos peque\u00f1as armaduras de limas mohamares, una de las cuales sirvi\u00f3 de inspiraci\u00f3n directa para la estructura ejecutada como pr\u00e1ctica en el taller durante el curso.<\/p><p>Para concluir la jornada, el alumnado disfrut\u00f3 de una experiencia \u00fanica: <strong>el acceso al trasd\u00f3s de la cubierta del Palacio de Comares<\/strong>, una zona exclusiva no abierta al p\u00fablico, que permite comprender desde otro punto de vista la complejidad constructiva de las armaduras que cubren los palacios nazar\u00edes.<\/p><p>Desde el Centro Albayz\u00edn, queremos expresar nuestro agradecimiento a la docente <strong>Gloria Aljazairi L\u00f3pez<\/strong> por su dedicaci\u00f3n y explicaciones durante estas jornadas, as\u00ed como a las instituciones que han colaborado en la gesti\u00f3n de los permisos, en especial al <strong>Patronato de la Alhambra y Generalife<\/strong>, por hacer posible este complemento formativo tan especial.<\/p>\t\t\t\t\t\t\t\t<\/div>\n\t\t\t\t<\/div>\n\t\t\t\t<div class=\"elementor-element elementor-element-122a9e0 elementor-widget elementor-widget-gallery\" data-id=\"122a9e0\" data-element_type=\"widget\" data-settings=\"{&quot;lazyload&quot;:&quot;yes&quot;,&quot;gallery_layout&quot;:&quot;grid&quot;,&quot;columns&quot;:4,&quot;columns_tablet&quot;:2,&quot;columns_mobile&quot;:1,&quot;gap&quot;:{&quot;unit&quot;:&quot;px&quot;,&quot;size&quot;:10,&quot;sizes&quot;:[]},&quot;gap_tablet&quot;:{&quot;unit&quot;:&quot;px&quot;,&quot;size&quot;:10,&quot;sizes&quot;:[]},&quot;gap_mobile&quot;:{&quot;unit&quot;:&quot;px&quot;,&quot;size&quot;:10,&quot;sizes&quot;:[]},&quot;link_to&quot;:&quot;file&quot;,&quot;aspect_ratio&quot;:&quot;3:2&quot;,&quot;overlay_background&quot;:&quot;yes&quot;,&quot;content_hover_animation&quot;:&quot;fade-in&quot;}\" data-widget_type=\"gallery.default\">\n\t\t\t\t<div class=\"elementor-widget-container\">\n\t\t\t\t\t\t\t<div class=\"elementor-gallery__container\">\n\t\t\t\t\t\t\t<a class=\"e-gallery-item elementor-gallery-item elementor-animated-content\" href=\"https:\/\/ws054.juntadeandalucia.es\/crnandalucia\/wp-content\/uploads\/2025\/02\/f713718a-a84b-461b-8960-2b2da22f22d7.jpg\" data-elementor-open-lightbox=\"yes\" data-elementor-lightbox-slideshow=\"122a9e0\" data-elementor-lightbox-title=\"Casa Morisca de Zafra\" data-e-action-hash=\"#elementor-action%3Aaction%3Dlightbox%26settings%3DeyJpZCI6MjIwNzEsInVybCI6Imh0dHBzOlwvXC93czA1NC5qdW50YWRlYW5kYWx1Y2lhLmVzXC9jcm5hbmRhbHVjaWFcL3dwLWNvbnRlbnRcL3VwbG9hZHNcLzIwMjVcLzAyXC9mNzEzNzE4YS1hODRiLTQ2MWItODk2MC0yYjJkYTIyZjIyZDcuanBnIiwic2xpZGVzaG93IjoiMTIyYTllMCJ9\">\n\t\t\t\t\t<div class=\"e-gallery-image elementor-gallery-item__image\" data-thumbnail=\"https:\/\/ws054.juntadeandalucia.es\/crnandalucia\/wp-content\/uploads\/2025\/02\/f713718a-a84b-461b-8960-2b2da22f22d7-135x300.jpg\" data-width=\"135\" data-height=\"300\" aria-label=\"\" role=\"img\" ><\/div>\n\t\t\t\t\t\t\t\t\t\t\t<div class=\"elementor-gallery-item__overlay\"><\/div>\n\t\t\t\t\t\t\t\t\t\t\t\t\t\t<\/a>\n\t\t\t\t\t\t\t<a class=\"e-gallery-item elementor-gallery-item elementor-animated-content\" href=\"https:\/\/ws054.juntadeandalucia.es\/crnandalucia\/wp-content\/uploads\/2025\/02\/386abc7d-4215-4367-9251-029b340bb467.jpg\" data-elementor-open-lightbox=\"yes\" data-elementor-lightbox-slideshow=\"122a9e0\" data-elementor-lightbox-title=\"Armadura del Cuarto Dorado\" data-e-action-hash=\"#elementor-action%3Aaction%3Dlightbox%26settings%3DeyJpZCI6MjIwNjQsInVybCI6Imh0dHBzOlwvXC93czA1NC5qdW50YWRlYW5kYWx1Y2lhLmVzXC9jcm5hbmRhbHVjaWFcL3dwLWNvbnRlbnRcL3VwbG9hZHNcLzIwMjVcLzAyXC8zODZhYmM3ZC00MjE1LTQzNjctOTI1MS0wMjliMzQwYmI0NjcuanBnIiwic2xpZGVzaG93IjoiMTIyYTllMCJ9\">\n\t\t\t\t\t<div class=\"e-gallery-image elementor-gallery-item__image\" data-thumbnail=\"https:\/\/ws054.juntadeandalucia.es\/crnandalucia\/wp-content\/uploads\/2025\/02\/386abc7d-4215-4367-9251-029b340bb467-225x300.jpg\" data-width=\"225\" data-height=\"300\" aria-label=\"\" role=\"img\" ><\/div>\n\t\t\t\t\t\t\t\t\t\t\t<div class=\"elementor-gallery-item__overlay\"><\/div>\n\t\t\t\t\t\t\t\t\t\t\t\t\t\t<\/a>\n\t\t\t\t\t\t\t<a class=\"e-gallery-item elementor-gallery-item elementor-animated-content\" href=\"https:\/\/ws054.juntadeandalucia.es\/crnandalucia\/wp-content\/uploads\/2025\/02\/d054743f-ee6b-4784-ac7c-1cad615656a3.jpg\" data-elementor-open-lightbox=\"yes\" data-elementor-lightbox-slideshow=\"122a9e0\" data-elementor-lightbox-title=\"Armadura del Cuarto Dorado\" data-e-action-hash=\"#elementor-action%3Aaction%3Dlightbox%26settings%3DeyJpZCI6MjIwNjgsInVybCI6Imh0dHBzOlwvXC93czA1NC5qdW50YWRlYW5kYWx1Y2lhLmVzXC9jcm5hbmRhbHVjaWFcL3dwLWNvbnRlbnRcL3VwbG9hZHNcLzIwMjVcLzAyXC9kMDU0NzQzZi1lZTZiLTQ3ODQtYWM3Yy0xY2FkNjE1NjU2YTMuanBnIiwic2xpZGVzaG93IjoiMTIyYTllMCJ9\">\n\t\t\t\t\t<div class=\"e-gallery-image elementor-gallery-item__image\" data-thumbnail=\"https:\/\/ws054.juntadeandalucia.es\/crnandalucia\/wp-content\/uploads\/2025\/02\/d054743f-ee6b-4784-ac7c-1cad615656a3-225x300.jpg\" data-width=\"225\" data-height=\"300\" aria-label=\"\" role=\"img\" ><\/div>\n\t\t\t\t\t\t\t\t\t\t\t<div class=\"elementor-gallery-item__overlay\"><\/div>\n\t\t\t\t\t\t\t\t\t\t\t\t\t\t<\/a>\n\t\t\t\t\t\t\t<a class=\"e-gallery-item elementor-gallery-item elementor-animated-content\" href=\"https:\/\/ws054.juntadeandalucia.es\/crnandalucia\/wp-content\/uploads\/2025\/02\/8253584a-995e-4e2a-98fc-e297f615b2cc.jpg\" data-elementor-open-lightbox=\"yes\" data-elementor-lightbox-slideshow=\"122a9e0\" data-elementor-lightbox-title=\"Casas del Partal\" data-e-action-hash=\"#elementor-action%3Aaction%3Dlightbox%26settings%3DeyJpZCI6MjIwNjYsInVybCI6Imh0dHBzOlwvXC93czA1NC5qdW50YWRlYW5kYWx1Y2lhLmVzXC9jcm5hbmRhbHVjaWFcL3dwLWNvbnRlbnRcL3VwbG9hZHNcLzIwMjVcLzAyXC84MjUzNTg0YS05OTVlLTRlMmEtOThmYy1lMjk3ZjYxNWIyY2MuanBnIiwic2xpZGVzaG93IjoiMTIyYTllMCJ9\">\n\t\t\t\t\t<div class=\"e-gallery-image elementor-gallery-item__image\" data-thumbnail=\"https:\/\/ws054.juntadeandalucia.es\/crnandalucia\/wp-content\/uploads\/2025\/02\/8253584a-995e-4e2a-98fc-e297f615b2cc-300x225.jpg\" data-width=\"300\" data-height=\"225\" aria-label=\"\" role=\"img\" ><\/div>\n\t\t\t\t\t\t\t\t\t\t\t<div class=\"elementor-gallery-item__overlay\"><\/div>\n\t\t\t\t\t\t\t\t\t\t\t\t\t\t<\/a>\n\t\t\t\t\t\t\t<a class=\"e-gallery-item elementor-gallery-item elementor-animated-content\" href=\"https:\/\/ws054.juntadeandalucia.es\/crnandalucia\/wp-content\/uploads\/2025\/02\/0a30e04b-3cd3-4613-b9d4-29cab47ad9c3.jpg\" data-elementor-open-lightbox=\"yes\" data-elementor-lightbox-slideshow=\"122a9e0\" data-elementor-lightbox-title=\"Galer\u00eda del Partal, alfarje apeinezado\" data-e-action-hash=\"#elementor-action%3Aaction%3Dlightbox%26settings%3DeyJpZCI6MjIwNjIsInVybCI6Imh0dHBzOlwvXC93czA1NC5qdW50YWRlYW5kYWx1Y2lhLmVzXC9jcm5hbmRhbHVjaWFcL3dwLWNvbnRlbnRcL3VwbG9hZHNcLzIwMjVcLzAyXC8wYTMwZTA0Yi0zY2QzLTQ2MTMtYjlkNC0yOWNhYjQ3YWQ5YzMuanBnIiwic2xpZGVzaG93IjoiMTIyYTllMCJ9\">\n\t\t\t\t\t<div class=\"e-gallery-image elementor-gallery-item__image\" data-thumbnail=\"https:\/\/ws054.juntadeandalucia.es\/crnandalucia\/wp-content\/uploads\/2025\/02\/0a30e04b-3cd3-4613-b9d4-29cab47ad9c3-225x300.jpg\" data-width=\"225\" data-height=\"300\" aria-label=\"\" role=\"img\" ><\/div>\n\t\t\t\t\t\t\t\t\t\t\t<div class=\"elementor-gallery-item__overlay\"><\/div>\n\t\t\t\t\t\t\t\t\t\t\t\t\t\t<\/a>\n\t\t\t\t\t\t\t<a class=\"e-gallery-item elementor-gallery-item elementor-animated-content\" href=\"https:\/\/ws054.juntadeandalucia.es\/crnandalucia\/wp-content\/uploads\/2025\/02\/ef434337-5e9d-4a93-9c7f-6a895c76d577-1.jpg\" data-elementor-open-lightbox=\"yes\" data-elementor-lightbox-slideshow=\"122a9e0\" data-elementor-lightbox-title=\"Oratorio del Partal\" data-e-action-hash=\"#elementor-action%3Aaction%3Dlightbox%26settings%3DeyJpZCI6MjIwNzAsInVybCI6Imh0dHBzOlwvXC93czA1NC5qdW50YWRlYW5kYWx1Y2lhLmVzXC9jcm5hbmRhbHVjaWFcL3dwLWNvbnRlbnRcL3VwbG9hZHNcLzIwMjVcLzAyXC9lZjQzNDMzNy01ZTlkLTRhOTMtOWM3Zi02YTg5NWM3NmQ1NzctMS5qcGciLCJzbGlkZXNob3ciOiIxMjJhOWUwIn0%3D\">\n\t\t\t\t\t<div class=\"e-gallery-image elementor-gallery-item__image\" data-thumbnail=\"https:\/\/ws054.juntadeandalucia.es\/crnandalucia\/wp-content\/uploads\/2025\/02\/ef434337-5e9d-4a93-9c7f-6a895c76d577-1-225x300.jpg\" data-width=\"225\" data-height=\"300\" aria-label=\"\" role=\"img\" ><\/div>\n\t\t\t\t\t\t\t\t\t\t\t<div class=\"elementor-gallery-item__overlay\"><\/div>\n\t\t\t\t\t\t\t\t\t\t\t\t\t\t<\/a>\n\t\t\t\t\t\t\t<a class=\"e-gallery-item elementor-gallery-item elementor-animated-content\" href=\"https:\/\/ws054.juntadeandalucia.es\/crnandalucia\/wp-content\/uploads\/2025\/02\/fc2eabd7-a888-4a60-b97a-a7c02903c3e1.jpg\" data-elementor-open-lightbox=\"yes\" data-elementor-lightbox-slideshow=\"122a9e0\" data-elementor-lightbox-title=\"Armadura del Oratorio del Partal\" data-e-action-hash=\"#elementor-action%3Aaction%3Dlightbox%26settings%3DeyJpZCI6MjIwNzIsInVybCI6Imh0dHBzOlwvXC93czA1NC5qdW50YWRlYW5kYWx1Y2lhLmVzXC9jcm5hbmRhbHVjaWFcL3dwLWNvbnRlbnRcL3VwbG9hZHNcLzIwMjVcLzAyXC9mYzJlYWJkNy1hODg4LTRhNjAtYjk3YS1hN2MwMjkwM2MzZTEuanBnIiwic2xpZGVzaG93IjoiMTIyYTllMCJ9\">\n\t\t\t\t\t<div class=\"e-gallery-image elementor-gallery-item__image\" data-thumbnail=\"https:\/\/ws054.juntadeandalucia.es\/crnandalucia\/wp-content\/uploads\/2025\/02\/fc2eabd7-a888-4a60-b97a-a7c02903c3e1-225x300.jpg\" data-width=\"225\" data-height=\"300\" aria-label=\"\" role=\"img\" ><\/div>\n\t\t\t\t\t\t\t\t\t\t\t<div class=\"elementor-gallery-item__overlay\"><\/div>\n\t\t\t\t\t\t\t\t\t\t\t\t\t\t<\/a>\n\t\t\t\t\t\t\t<a class=\"e-gallery-item elementor-gallery-item elementor-animated-content\" href=\"https:\/\/ws054.juntadeandalucia.es\/crnandalucia\/wp-content\/uploads\/2025\/02\/edeb2a3d-459b-43b8-ac9a-54f28f39a9b7.jpg\" data-elementor-open-lightbox=\"yes\" data-elementor-lightbox-slideshow=\"122a9e0\" data-elementor-lightbox-title=\"Mocarabes de la armadura desde el trasdos\" data-e-action-hash=\"#elementor-action%3Aaction%3Dlightbox%26settings%3DeyJpZCI6MjIwNjksInVybCI6Imh0dHBzOlwvXC93czA1NC5qdW50YWRlYW5kYWx1Y2lhLmVzXC9jcm5hbmRhbHVjaWFcL3dwLWNvbnRlbnRcL3VwbG9hZHNcLzIwMjVcLzAyXC9lZGViMmEzZC00NTliLTQzYjgtYWM5YS01NGYyOGYzOWE5YjcuanBnIiwic2xpZGVzaG93IjoiMTIyYTllMCJ9\">\n\t\t\t\t\t<div class=\"e-gallery-image elementor-gallery-item__image\" data-thumbnail=\"https:\/\/ws054.juntadeandalucia.es\/crnandalucia\/wp-content\/uploads\/2025\/02\/edeb2a3d-459b-43b8-ac9a-54f28f39a9b7-300x225.jpg\" data-width=\"300\" data-height=\"225\" aria-label=\"\" role=\"img\" ><\/div>\n\t\t\t\t\t\t\t\t\t\t\t<div class=\"elementor-gallery-item__overlay\"><\/div>\n\t\t\t\t\t\t\t\t\t\t\t\t\t\t<\/a>\n\t\t\t\t\t\t\t<a class=\"e-gallery-item elementor-gallery-item elementor-animated-content\" href=\"https:\/\/ws054.juntadeandalucia.es\/crnandalucia\/wp-content\/uploads\/2025\/02\/424babc2-f6e1-4e9a-a0c8-596bd4226785.jpg\" data-elementor-open-lightbox=\"yes\" data-elementor-lightbox-slideshow=\"122a9e0\" data-elementor-lightbox-title=\"Mocarabes de la armadura desde el trasdos\" data-e-action-hash=\"#elementor-action%3Aaction%3Dlightbox%26settings%3DeyJpZCI6MjIwNjUsInVybCI6Imh0dHBzOlwvXC93czA1NC5qdW50YWRlYW5kYWx1Y2lhLmVzXC9jcm5hbmRhbHVjaWFcL3dwLWNvbnRlbnRcL3VwbG9hZHNcLzIwMjVcLzAyXC80MjRiYWJjMi1mNmUxLTRlOWEtYTBjOC01OTZiZDQyMjY3ODUuanBnIiwic2xpZGVzaG93IjoiMTIyYTllMCJ9\">\n\t\t\t\t\t<div class=\"e-gallery-image elementor-gallery-item__image\" data-thumbnail=\"https:\/\/ws054.juntadeandalucia.es\/crnandalucia\/wp-content\/uploads\/2025\/02\/424babc2-f6e1-4e9a-a0c8-596bd4226785-300x225.jpg\" data-width=\"300\" data-height=\"225\" aria-label=\"\" role=\"img\" ><\/div>\n\t\t\t\t\t\t\t\t\t\t\t<div class=\"elementor-gallery-item__overlay\"><\/div>\n\t\t\t\t\t\t\t\t\t\t\t\t\t\t<\/a>\n\t\t\t\t\t\t\t<a class=\"e-gallery-item elementor-gallery-item elementor-animated-content\" href=\"https:\/\/ws054.juntadeandalucia.es\/crnandalucia\/wp-content\/uploads\/2025\/02\/ca6e8c58-4d26-470a-818f-5496b32f5131.jpg\" data-elementor-open-lightbox=\"yes\" data-elementor-lightbox-slideshow=\"122a9e0\" data-elementor-lightbox-title=\"Mocarabes de la armadura desde el trasdos\" data-e-action-hash=\"#elementor-action%3Aaction%3Dlightbox%26settings%3DeyJpZCI6MjIwNjcsInVybCI6Imh0dHBzOlwvXC93czA1NC5qdW50YWRlYW5kYWx1Y2lhLmVzXC9jcm5hbmRhbHVjaWFcL3dwLWNvbnRlbnRcL3VwbG9hZHNcLzIwMjVcLzAyXC9jYTZlOGM1OC00ZDI2LTQ3MGEtODE4Zi01NDk2YjMyZjUxMzEuanBnIiwic2xpZGVzaG93IjoiMTIyYTllMCJ9\">\n\t\t\t\t\t<div class=\"e-gallery-image elementor-gallery-item__image\" data-thumbnail=\"https:\/\/ws054.juntadeandalucia.es\/crnandalucia\/wp-content\/uploads\/2025\/02\/ca6e8c58-4d26-470a-818f-5496b32f5131-300x225.jpg\" data-width=\"300\" data-height=\"225\" aria-label=\"\" role=\"img\" ><\/div>\n\t\t\t\t\t\t\t\t\t\t\t<div class=\"elementor-gallery-item__overlay\"><\/div>\n\t\t\t\t\t\t\t\t\t\t\t\t\t\t<\/a>\n\t\t\t\t\t\t\t<a class=\"e-gallery-item elementor-gallery-item elementor-animated-content\" href=\"https:\/\/ws054.juntadeandalucia.es\/crnandalucia\/wp-content\/uploads\/2025\/02\/6e6c527c-277d-4a67-a25b-98dd19dd120c.jpg\" data-elementor-open-lightbox=\"yes\" data-elementor-lightbox-slideshow=\"122a9e0\" data-elementor-lightbox-title=\"Mocarabes de la armadura desde el trasdos\" data-e-action-hash=\"#elementor-action%3Aaction%3Dlightbox%26settings%3DeyJpZCI6MjIwNjMsInVybCI6Imh0dHBzOlwvXC93czA1NC5qdW50YWRlYW5kYWx1Y2lhLmVzXC9jcm5hbmRhbHVjaWFcL3dwLWNvbnRlbnRcL3VwbG9hZHNcLzIwMjVcLzAyXC82ZTZjNTI3Yy0yNzdkLTRhNjctYTI1Yi05OGRkMTlkZDEyMGMuanBnIiwic2xpZGVzaG93IjoiMTIyYTllMCJ9\">\n\t\t\t\t\t<div class=\"e-gallery-image elementor-gallery-item__image\" data-thumbnail=\"https:\/\/ws054.juntadeandalucia.es\/crnandalucia\/wp-content\/uploads\/2025\/02\/6e6c527c-277d-4a67-a25b-98dd19dd120c-300x135.jpg\" data-width=\"300\" data-height=\"135\" aria-label=\"\" role=\"img\" ><\/div>\n\t\t\t\t\t\t\t\t\t\t\t<div class=\"elementor-gallery-item__overlay\"><\/div>\n\t\t\t\t\t\t\t\t\t\t\t\t\t\t<\/a>\n\t\t\t\t\t<\/div>\n\t\t\t\t\t<\/div>\n\t\t\t\t<\/div>\n\t\t\t\t\t<\/div>\n\t\t<\/div>\n\t\t\t\t\t<\/div>\n\t\t<\/section>\n\t\t\t\t<\/div>\n\t\t","protected":false},"excerpt":{"rendered":"<p>El curso \u2018Elaboraci\u00f3n de Elementos de Carpinter\u00eda de Armar Espa\u00f1ola\u2019 realizado en el Centro Albayz\u00edn, Escuela de Formaci\u00f3n del Servicio Andaluz de Empleo, se ha clausurado con tres enriquecedoras visitas did\u00e1cticas, en las que el alumnado ha podido analizar in situ ejemplos representativos de la carpinter\u00eda de armar en la Granada Nazar\u00ed, Morisca y Mud\u00e9jar.<\/p>\n","protected":false},"author":3,"featured_media":22062,"comment_status":"closed","ping_status":"closed","sticky":false,"template":"","format":"standard","meta":{"_acf_changed":false,"footnotes":""},"categories":[984,1],"tags":[1039,251,1038,61],"class_list":["post-22058","post","type-post","status-publish","format-standard","has-post-thumbnail","hentry","category-acciones-de-formacion-intervenciones-del-alumnado","category-crn-artesania-noticias","tag-artesonado","tag-carpinteria","tag-carpinteriadearmar","tag-crnartesania-2"],"acf":[],"yoast_head":"<!-- This site is optimized with the Yoast SEO plugin v25.3 - https:\/\/yoast.com\/wordpress\/plugins\/seo\/ -->\n<title>El curso de Carpinter\u00eda de Armar Espa\u00f1ola finaliza con visitas did\u00e1cticas a la Alhambra y al patrimonio granadino - Escuelas CRN<\/title>\n<meta name=\"robots\" content=\"index, follow, max-snippet:-1, max-image-preview:large, max-video-preview:-1\" \/>\n<link rel=\"canonical\" href=\"https:\/\/ws054.juntadeandalucia.es\/crnandalucia\/visita_carpinteria_armar_alhambra\/\" \/>\n<meta property=\"og:locale\" content=\"es_ES\" \/>\n<meta property=\"og:type\" content=\"article\" \/>\n<meta property=\"og:title\" content=\"El curso de Carpinter\u00eda de Armar Espa\u00f1ola finaliza con visitas did\u00e1cticas a la Alhambra y al patrimonio granadino - Escuelas CRN\" \/>\n<meta property=\"og:description\" content=\"El curso \u2018Elaboraci\u00f3n de Elementos de Carpinter\u00eda de Armar Espa\u00f1ola\u2019 realizado en el Centro Albayz\u00edn, Escuela de Formaci\u00f3n del Servicio Andaluz de Empleo, se ha clausurado con tres enriquecedoras visitas did\u00e1cticas, en las que el alumnado ha podido analizar in situ ejemplos representativos de la carpinter\u00eda de armar en la Granada Nazar\u00ed, Morisca y Mud\u00e9jar.\" \/>\n<meta property=\"og:url\" content=\"https:\/\/ws054.juntadeandalucia.es\/crnandalucia\/visita_carpinteria_armar_alhambra\/\" \/>\n<meta property=\"og:site_name\" content=\"Escuelas CRN\" \/>\n<meta property=\"article:published_time\" content=\"2025-02-17T12:28:03+00:00\" \/>\n<meta property=\"article:modified_time\" content=\"2025-02-24T07:50:16+00:00\" \/>\n<meta property=\"og:image\" content=\"https:\/\/ws054.juntadeandalucia.es\/crnandalucia\/wp-content\/uploads\/2025\/02\/0a30e04b-3cd3-4613-b9d4-29cab47ad9c3.jpg\" \/>\n\t<meta property=\"og:image:width\" content=\"1530\" \/>\n\t<meta property=\"og:image:height\" content=\"2040\" \/>\n\t<meta property=\"og:image:type\" content=\"image\/jpeg\" \/>\n<meta name=\"author\" content=\"CRN-Artesania\" \/>\n<meta name=\"twitter:card\" content=\"summary_large_image\" \/>\n<meta name=\"twitter:label1\" content=\"Escrito por\" \/>\n\t<meta name=\"twitter:data1\" content=\"CRN-Artesania\" \/>\n\t<meta name=\"twitter:label2\" content=\"Tiempo de lectura\" \/>\n\t<meta name=\"twitter:data2\" content=\"3 minutos\" \/>\n<script type=\"application\/ld+json\" class=\"yoast-schema-graph\">{\"@context\":\"https:\/\/schema.org\",\"@graph\":[{\"@type\":\"WebPage\",\"@id\":\"https:\/\/ws054.juntadeandalucia.es\/crnandalucia\/visita_carpinteria_armar_alhambra\/\",\"url\":\"https:\/\/ws054.juntadeandalucia.es\/crnandalucia\/visita_carpinteria_armar_alhambra\/\",\"name\":\"El curso de Carpinter\u00eda de Armar Espa\u00f1ola finaliza con visitas did\u00e1cticas a la Alhambra y al patrimonio granadino - Escuelas CRN\",\"isPartOf\":{\"@id\":\"https:\/\/ws054.juntadeandalucia.es\/crnandalucia\/#website\"},\"primaryImageOfPage\":{\"@id\":\"https:\/\/ws054.juntadeandalucia.es\/crnandalucia\/visita_carpinteria_armar_alhambra\/#primaryimage\"},\"image\":{\"@id\":\"https:\/\/ws054.juntadeandalucia.es\/crnandalucia\/visita_carpinteria_armar_alhambra\/#primaryimage\"},\"thumbnailUrl\":\"https:\/\/ws054.juntadeandalucia.es\/crnandalucia\/wp-content\/uploads\/2025\/02\/0a30e04b-3cd3-4613-b9d4-29cab47ad9c3.jpg\",\"datePublished\":\"2025-02-17T12:28:03+00:00\",\"dateModified\":\"2025-02-24T07:50:16+00:00\",\"author\":{\"@id\":\"https:\/\/ws054.juntadeandalucia.es\/crnandalucia\/#\/schema\/person\/b07dcf44811daf38b6dabf1daed9e572\"},\"breadcrumb\":{\"@id\":\"https:\/\/ws054.juntadeandalucia.es\/crnandalucia\/visita_carpinteria_armar_alhambra\/#breadcrumb\"},\"inLanguage\":\"es\",\"potentialAction\":[{\"@type\":\"ReadAction\",\"target\":[\"https:\/\/ws054.juntadeandalucia.es\/crnandalucia\/visita_carpinteria_armar_alhambra\/\"]}]},{\"@type\":\"ImageObject\",\"inLanguage\":\"es\",\"@id\":\"https:\/\/ws054.juntadeandalucia.es\/crnandalucia\/visita_carpinteria_armar_alhambra\/#primaryimage\",\"url\":\"https:\/\/ws054.juntadeandalucia.es\/crnandalucia\/wp-content\/uploads\/2025\/02\/0a30e04b-3cd3-4613-b9d4-29cab47ad9c3.jpg\",\"contentUrl\":\"https:\/\/ws054.juntadeandalucia.es\/crnandalucia\/wp-content\/uploads\/2025\/02\/0a30e04b-3cd3-4613-b9d4-29cab47ad9c3.jpg\",\"width\":1530,\"height\":2040,\"caption\":\"Galer\u00eda del Partal, alfarje apeinezado\"},{\"@type\":\"BreadcrumbList\",\"@id\":\"https:\/\/ws054.juntadeandalucia.es\/crnandalucia\/visita_carpinteria_armar_alhambra\/#breadcrumb\",\"itemListElement\":[{\"@type\":\"ListItem\",\"position\":1,\"name\":\"Portada\",\"item\":\"https:\/\/ws054.juntadeandalucia.es\/crnandalucia\/\"},{\"@type\":\"ListItem\",\"position\":2,\"name\":\"El curso de Carpinter\u00eda de Armar Espa\u00f1ola finaliza con visitas did\u00e1cticas a la Alhambra y al patrimonio granadino\"}]},{\"@type\":\"WebSite\",\"@id\":\"https:\/\/ws054.juntadeandalucia.es\/crnandalucia\/#website\",\"url\":\"https:\/\/ws054.juntadeandalucia.es\/crnandalucia\/\",\"name\":\"Escuelas CRN\",\"description\":\"\",\"potentialAction\":[{\"@type\":\"SearchAction\",\"target\":{\"@type\":\"EntryPoint\",\"urlTemplate\":\"https:\/\/ws054.juntadeandalucia.es\/crnandalucia\/?s={search_term_string}\"},\"query-input\":{\"@type\":\"PropertyValueSpecification\",\"valueRequired\":true,\"valueName\":\"search_term_string\"}}],\"inLanguage\":\"es\"},{\"@type\":\"Person\",\"@id\":\"https:\/\/ws054.juntadeandalucia.es\/crnandalucia\/#\/schema\/person\/b07dcf44811daf38b6dabf1daed9e572\",\"name\":\"CRN-Artesania\",\"image\":{\"@type\":\"ImageObject\",\"inLanguage\":\"es\",\"@id\":\"https:\/\/ws054.juntadeandalucia.es\/crnandalucia\/#\/schema\/person\/image\/\",\"url\":\"https:\/\/secure.gravatar.com\/avatar\/e8d7e03a793ca7450df952203f6d954e6c20d28b49e90d00bc3d8d1f26a8d873?s=96&d=mm&r=g\",\"contentUrl\":\"https:\/\/secure.gravatar.com\/avatar\/e8d7e03a793ca7450df952203f6d954e6c20d28b49e90d00bc3d8d1f26a8d873?s=96&d=mm&r=g\",\"caption\":\"CRN-Artesania\"},\"url\":\"https:\/\/ws054.juntadeandalucia.es\/crnandalucia\/author\/crn-artesania\/\"}]}<\/script>\n<!-- \/ Yoast SEO plugin. -->","yoast_head_json":{"title":"El curso de Carpinter\u00eda de Armar Espa\u00f1ola finaliza con visitas did\u00e1cticas a la Alhambra y al patrimonio granadino - Escuelas CRN","robots":{"index":"index","follow":"follow","max-snippet":"max-snippet:-1","max-image-preview":"max-image-preview:large","max-video-preview":"max-video-preview:-1"},"canonical":"https:\/\/ws054.juntadeandalucia.es\/crnandalucia\/visita_carpinteria_armar_alhambra\/","og_locale":"es_ES","og_type":"article","og_title":"El curso de Carpinter\u00eda de Armar Espa\u00f1ola finaliza con visitas did\u00e1cticas a la Alhambra y al patrimonio granadino - Escuelas CRN","og_description":"El curso \u2018Elaboraci\u00f3n de Elementos de Carpinter\u00eda de Armar Espa\u00f1ola\u2019 realizado en el Centro Albayz\u00edn, Escuela de Formaci\u00f3n del Servicio Andaluz de Empleo, se ha clausurado con tres enriquecedoras visitas did\u00e1cticas, en las que el alumnado ha podido analizar in situ ejemplos representativos de la carpinter\u00eda de armar en la Granada Nazar\u00ed, Morisca y Mud\u00e9jar.","og_url":"https:\/\/ws054.juntadeandalucia.es\/crnandalucia\/visita_carpinteria_armar_alhambra\/","og_site_name":"Escuelas CRN","article_published_time":"2025-02-17T12:28:03+00:00","article_modified_time":"2025-02-24T07:50:16+00:00","og_image":[{"width":1530,"height":2040,"url":"https:\/\/ws054.juntadeandalucia.es\/crnandalucia\/wp-content\/uploads\/2025\/02\/0a30e04b-3cd3-4613-b9d4-29cab47ad9c3.jpg","type":"image\/jpeg"}],"author":"CRN-Artesania","twitter_card":"summary_large_image","twitter_misc":{"Escrito por":"CRN-Artesania","Tiempo de lectura":"3 minutos"},"schema":{"@context":"https:\/\/schema.org","@graph":[{"@type":"WebPage","@id":"https:\/\/ws054.juntadeandalucia.es\/crnandalucia\/visita_carpinteria_armar_alhambra\/","url":"https:\/\/ws054.juntadeandalucia.es\/crnandalucia\/visita_carpinteria_armar_alhambra\/","name":"El curso de Carpinter\u00eda de Armar Espa\u00f1ola finaliza con visitas did\u00e1cticas a la Alhambra y al patrimonio granadino - Escuelas CRN","isPartOf":{"@id":"https:\/\/ws054.juntadeandalucia.es\/crnandalucia\/#website"},"primaryImageOfPage":{"@id":"https:\/\/ws054.juntadeandalucia.es\/crnandalucia\/visita_carpinteria_armar_alhambra\/#primaryimage"},"image":{"@id":"https:\/\/ws054.juntadeandalucia.es\/crnandalucia\/visita_carpinteria_armar_alhambra\/#primaryimage"},"thumbnailUrl":"https:\/\/ws054.juntadeandalucia.es\/crnandalucia\/wp-content\/uploads\/2025\/02\/0a30e04b-3cd3-4613-b9d4-29cab47ad9c3.jpg","datePublished":"2025-02-17T12:28:03+00:00","dateModified":"2025-02-24T07:50:16+00:00","author":{"@id":"https:\/\/ws054.juntadeandalucia.es\/crnandalucia\/#\/schema\/person\/b07dcf44811daf38b6dabf1daed9e572"},"breadcrumb":{"@id":"https:\/\/ws054.juntadeandalucia.es\/crnandalucia\/visita_carpinteria_armar_alhambra\/#breadcrumb"},"inLanguage":"es","potentialAction":[{"@type":"ReadAction","target":["https:\/\/ws054.juntadeandalucia.es\/crnandalucia\/visita_carpinteria_armar_alhambra\/"]}]},{"@type":"ImageObject","inLanguage":"es","@id":"https:\/\/ws054.juntadeandalucia.es\/crnandalucia\/visita_carpinteria_armar_alhambra\/#primaryimage","url":"https:\/\/ws054.juntadeandalucia.es\/crnandalucia\/wp-content\/uploads\/2025\/02\/0a30e04b-3cd3-4613-b9d4-29cab47ad9c3.jpg","contentUrl":"https:\/\/ws054.juntadeandalucia.es\/crnandalucia\/wp-content\/uploads\/2025\/02\/0a30e04b-3cd3-4613-b9d4-29cab47ad9c3.jpg","width":1530,"height":2040,"caption":"Galer\u00eda del Partal, alfarje apeinezado"},{"@type":"BreadcrumbList","@id":"https:\/\/ws054.juntadeandalucia.es\/crnandalucia\/visita_carpinteria_armar_alhambra\/#breadcrumb","itemListElement":[{"@type":"ListItem","position":1,"name":"Portada","item":"https:\/\/ws054.juntadeandalucia.es\/crnandalucia\/"},{"@type":"ListItem","position":2,"name":"El curso de Carpinter\u00eda de Armar Espa\u00f1ola finaliza con visitas did\u00e1cticas a la Alhambra y al patrimonio granadino"}]},{"@type":"WebSite","@id":"https:\/\/ws054.juntadeandalucia.es\/crnandalucia\/#website","url":"https:\/\/ws054.juntadeandalucia.es\/crnandalucia\/","name":"Escuelas CRN","description":"","potentialAction":[{"@type":"SearchAction","target":{"@type":"EntryPoint","urlTemplate":"https:\/\/ws054.juntadeandalucia.es\/crnandalucia\/?s={search_term_string}"},"query-input":{"@type":"PropertyValueSpecification","valueRequired":true,"valueName":"search_term_string"}}],"inLanguage":"es"},{"@type":"Person","@id":"https:\/\/ws054.juntadeandalucia.es\/crnandalucia\/#\/schema\/person\/b07dcf44811daf38b6dabf1daed9e572","name":"CRN-Artesania","image":{"@type":"ImageObject","inLanguage":"es","@id":"https:\/\/ws054.juntadeandalucia.es\/crnandalucia\/#\/schema\/person\/image\/","url":"https:\/\/secure.gravatar.com\/avatar\/e8d7e03a793ca7450df952203f6d954e6c20d28b49e90d00bc3d8d1f26a8d873?s=96&d=mm&r=g","contentUrl":"https:\/\/secure.gravatar.com\/avatar\/e8d7e03a793ca7450df952203f6d954e6c20d28b49e90d00bc3d8d1f26a8d873?s=96&d=mm&r=g","caption":"CRN-Artesania"},"url":"https:\/\/ws054.juntadeandalucia.es\/crnandalucia\/author\/crn-artesania\/"}]}},"_links":{"self":[{"href":"https:\/\/ws054.juntadeandalucia.es\/crnandalucia\/wp-json\/wp\/v2\/posts\/22058","targetHints":{"allow":["GET"]}}],"collection":[{"href":"https:\/\/ws054.juntadeandalucia.es\/crnandalucia\/wp-json\/wp\/v2\/posts"}],"about":[{"href":"https:\/\/ws054.juntadeandalucia.es\/crnandalucia\/wp-json\/wp\/v2\/types\/post"}],"author":[{"embeddable":true,"href":"https:\/\/ws054.juntadeandalucia.es\/crnandalucia\/wp-json\/wp\/v2\/users\/3"}],"replies":[{"embeddable":true,"href":"https:\/\/ws054.juntadeandalucia.es\/crnandalucia\/wp-json\/wp\/v2\/comments?post=22058"}],"version-history":[{"count":27,"href":"https:\/\/ws054.juntadeandalucia.es\/crnandalucia\/wp-json\/wp\/v2\/posts\/22058\/revisions"}],"predecessor-version":[{"id":22150,"href":"https:\/\/ws054.juntadeandalucia.es\/crnandalucia\/wp-json\/wp\/v2\/posts\/22058\/revisions\/22150"}],"wp:featuredmedia":[{"embeddable":true,"href":"https:\/\/ws054.juntadeandalucia.es\/crnandalucia\/wp-json\/wp\/v2\/media\/22062"}],"wp:attachment":[{"href":"https:\/\/ws054.juntadeandalucia.es\/crnandalucia\/wp-json\/wp\/v2\/media?parent=22058"}],"wp:term":[{"taxonomy":"category","embeddable":true,"href":"https:\/\/ws054.juntadeandalucia.es\/crnandalucia\/wp-json\/wp\/v2\/categories?post=22058"},{"taxonomy":"post_tag","embeddable":true,"href":"https:\/\/ws054.juntadeandalucia.es\/crnandalucia\/wp-json\/wp\/v2\/tags?post=22058"}],"curies":[{"name":"wp","href":"https:\/\/api.w.org\/{rel}","templated":true}]}}