{"id":16604,"date":"2023-09-27T09:43:21","date_gmt":"2023-09-27T09:43:21","guid":{"rendered":"https:\/\/ws054.juntadeandalucia.es\/crnandalucia\/?p=16604"},"modified":"2023-09-27T09:43:22","modified_gmt":"2023-09-27T09:43:22","slug":"metodologias-activas-fp","status":"publish","type":"post","link":"https:\/\/ws054.juntadeandalucia.es\/crnandalucia\/metodologias-activas-fp\/","title":{"rendered":"Metodolog\u00edas activas FP"},"content":{"rendered":"\n<p class=\"wp-block-paragraph\">Interesant\u00edsimo art\u00edculo de Mar\u00eda Clara Marmolejo Zayas, (Licenciada en Psicopedagog\u00eda) sobre metodolog\u00edas activas en la FP, extrapolables a la FPE, en el que se exponen algunas de las aportaciones que distintos autores ha realizado a lo largo de la historia, con el objetivo de favorecer la adquisici\u00f3n de conocimientos relevantes para el alumnado. <\/p>\n\n\n\n<p class=\"wp-block-paragraph\"><strong><a href=\"https:\/\/core.ac.uk\/download\/pdf\/235858087.pdf\" target=\"_blank\">Enlace al art\u00edculo<\/a><\/strong><\/p>\n\n\n\n<blockquote class=\"wp-block-quote is-layout-flow wp-block-quote-is-layout-flow\"><p>Fuente:<\/p><cite><a href=\"https:\/\/core.ac.uk\/download\/pdf\/235858087.pdf\" target=\"_blank\">https:\/\/core.ac.uk\/download\/pdf\/235858087.pdf<\/a><\/cite><\/blockquote>\n","protected":false},"excerpt":{"rendered":"<p><!-- wp:paragraph --> <\/p>\n<p>Interesant\u00edsimo art\u00edculo de Mar\u00eda Clara Marmolejo Zayas, (Licenciada en Psicopedagog\u00eda) sobre metodolog\u00edas activas en la FP, extrapolables a la FPE, en el que se exponen algunas de las aportaciones que distintos autores ha realizado a lo largo de la historia, con el objetivo de favorecer la adquisici\u00f3n<!-- \/wp:paragraph --><\/p>\n","protected":false},"author":4,"featured_media":16605,"comment_status":"closed","ping_status":"closed","sticky":false,"template":"","format":"standard","meta":{"_acf_changed":false,"footnotes":""},"categories":[3],"tags":[896,824,495,23,425,895],"class_list":["post-16604","post","type-post","status-publish","format-standard","has-post-thumbnail","hentry","category-noticias-crn-carpinteria-y-madera","tag-activas","tag-crncarpinteriaymueble","tag-crnmadera-2","tag-formacion","tag-fp","tag-metodologais"],"acf":[],"yoast_head":"<!-- This site is optimized with the Yoast SEO plugin v25.3 - https:\/\/yoast.com\/wordpress\/plugins\/seo\/ -->\n<title>Metodolog\u00edas activas FP - Escuelas CRN<\/title>\n<meta name=\"robots\" content=\"index, follow, max-snippet:-1, max-image-preview:large, max-video-preview:-1\" \/>\n<link rel=\"canonical\" href=\"https:\/\/ws054.juntadeandalucia.es\/crnandalucia\/metodologias-activas-fp\/\" \/>\n<meta property=\"og:locale\" content=\"es_ES\" \/>\n<meta property=\"og:type\" content=\"article\" \/>\n<meta property=\"og:title\" content=\"Metodolog\u00edas activas FP - Escuelas CRN\" \/>\n<meta property=\"og:description\" content=\"Interesant\u00edsimo art\u00edculo de Mar\u00eda Clara Marmolejo Zayas, (Licenciada en Psicopedagog\u00eda) sobre metodolog\u00edas activas en la FP, extrapolables a la FPE, en el que se exponen algunas de las aportaciones que distintos autores ha realizado a lo largo de la historia, con el objetivo de favorecer la adquisici\u00f3n\" \/>\n<meta property=\"og:url\" content=\"https:\/\/ws054.juntadeandalucia.es\/crnandalucia\/metodologias-activas-fp\/\" \/>\n<meta property=\"og:site_name\" content=\"Escuelas CRN\" \/>\n<meta property=\"article:published_time\" content=\"2023-09-27T09:43:21+00:00\" \/>\n<meta property=\"article:modified_time\" content=\"2023-09-27T09:43:22+00:00\" \/>\n<meta property=\"og:image\" content=\"https:\/\/ws054.juntadeandalucia.es\/crnandalucia\/wp-content\/uploads\/2023\/09\/metologias_activas.jpg\" \/>\n\t<meta property=\"og:image:width\" content=\"1052\" \/>\n\t<meta property=\"og:image:height\" content=\"743\" \/>\n\t<meta property=\"og:image:type\" content=\"image\/jpeg\" \/>\n<meta name=\"author\" content=\"CRN-Carpinteria\" \/>\n<meta name=\"twitter:card\" content=\"summary_large_image\" \/>\n<meta name=\"twitter:label1\" content=\"Escrito por\" \/>\n\t<meta name=\"twitter:data1\" content=\"CRN-Carpinteria\" \/>\n\t<meta name=\"twitter:label2\" content=\"Tiempo de lectura\" \/>\n\t<meta name=\"twitter:data2\" content=\"1 minuto\" \/>\n<script type=\"application\/ld+json\" class=\"yoast-schema-graph\">{\"@context\":\"https:\/\/schema.org\",\"@graph\":[{\"@type\":\"WebPage\",\"@id\":\"https:\/\/ws054.juntadeandalucia.es\/crnandalucia\/metodologias-activas-fp\/\",\"url\":\"https:\/\/ws054.juntadeandalucia.es\/crnandalucia\/metodologias-activas-fp\/\",\"name\":\"Metodolog\u00edas activas FP - Escuelas CRN\",\"isPartOf\":{\"@id\":\"https:\/\/ws054.juntadeandalucia.es\/crnandalucia\/#website\"},\"primaryImageOfPage\":{\"@id\":\"https:\/\/ws054.juntadeandalucia.es\/crnandalucia\/metodologias-activas-fp\/#primaryimage\"},\"image\":{\"@id\":\"https:\/\/ws054.juntadeandalucia.es\/crnandalucia\/metodologias-activas-fp\/#primaryimage\"},\"thumbnailUrl\":\"https:\/\/ws054.juntadeandalucia.es\/crnandalucia\/wp-content\/uploads\/2023\/09\/metologias_activas.jpg\",\"datePublished\":\"2023-09-27T09:43:21+00:00\",\"dateModified\":\"2023-09-27T09:43:22+00:00\",\"author\":{\"@id\":\"https:\/\/ws054.juntadeandalucia.es\/crnandalucia\/#\/schema\/person\/18507a1f1c557d6720560c0b95aa579c\"},\"breadcrumb\":{\"@id\":\"https:\/\/ws054.juntadeandalucia.es\/crnandalucia\/metodologias-activas-fp\/#breadcrumb\"},\"inLanguage\":\"es\",\"potentialAction\":[{\"@type\":\"ReadAction\",\"target\":[\"https:\/\/ws054.juntadeandalucia.es\/crnandalucia\/metodologias-activas-fp\/\"]}]},{\"@type\":\"ImageObject\",\"inLanguage\":\"es\",\"@id\":\"https:\/\/ws054.juntadeandalucia.es\/crnandalucia\/metodologias-activas-fp\/#primaryimage\",\"url\":\"https:\/\/ws054.juntadeandalucia.es\/crnandalucia\/wp-content\/uploads\/2023\/09\/metologias_activas.jpg\",\"contentUrl\":\"https:\/\/ws054.juntadeandalucia.es\/crnandalucia\/wp-content\/uploads\/2023\/09\/metologias_activas.jpg\",\"width\":1052,\"height\":743},{\"@type\":\"BreadcrumbList\",\"@id\":\"https:\/\/ws054.juntadeandalucia.es\/crnandalucia\/metodologias-activas-fp\/#breadcrumb\",\"itemListElement\":[{\"@type\":\"ListItem\",\"position\":1,\"name\":\"Portada\",\"item\":\"https:\/\/ws054.juntadeandalucia.es\/crnandalucia\/\"},{\"@type\":\"ListItem\",\"position\":2,\"name\":\"Metodolog\u00edas activas FP\"}]},{\"@type\":\"WebSite\",\"@id\":\"https:\/\/ws054.juntadeandalucia.es\/crnandalucia\/#website\",\"url\":\"https:\/\/ws054.juntadeandalucia.es\/crnandalucia\/\",\"name\":\"Escuelas CRN\",\"description\":\"\",\"potentialAction\":[{\"@type\":\"SearchAction\",\"target\":{\"@type\":\"EntryPoint\",\"urlTemplate\":\"https:\/\/ws054.juntadeandalucia.es\/crnandalucia\/?s={search_term_string}\"},\"query-input\":{\"@type\":\"PropertyValueSpecification\",\"valueRequired\":true,\"valueName\":\"search_term_string\"}}],\"inLanguage\":\"es\"},{\"@type\":\"Person\",\"@id\":\"https:\/\/ws054.juntadeandalucia.es\/crnandalucia\/#\/schema\/person\/18507a1f1c557d6720560c0b95aa579c\",\"name\":\"CRN-Carpinteria\",\"image\":{\"@type\":\"ImageObject\",\"inLanguage\":\"es\",\"@id\":\"https:\/\/ws054.juntadeandalucia.es\/crnandalucia\/#\/schema\/person\/image\/\",\"url\":\"https:\/\/secure.gravatar.com\/avatar\/f12e6457226c2c783ce0f288254d015da501299f09d3dcebbb25d0d5cc90c382?s=96&d=mm&r=g\",\"contentUrl\":\"https:\/\/secure.gravatar.com\/avatar\/f12e6457226c2c783ce0f288254d015da501299f09d3dcebbb25d0d5cc90c382?s=96&d=mm&r=g\",\"caption\":\"CRN-Carpinteria\"},\"url\":\"https:\/\/ws054.juntadeandalucia.es\/crnandalucia\/author\/crn-carpinteria\/\"}]}<\/script>\n<!-- \/ Yoast SEO plugin. -->","yoast_head_json":{"title":"Metodolog\u00edas activas FP - Escuelas CRN","robots":{"index":"index","follow":"follow","max-snippet":"max-snippet:-1","max-image-preview":"max-image-preview:large","max-video-preview":"max-video-preview:-1"},"canonical":"https:\/\/ws054.juntadeandalucia.es\/crnandalucia\/metodologias-activas-fp\/","og_locale":"es_ES","og_type":"article","og_title":"Metodolog\u00edas activas FP - Escuelas CRN","og_description":"Interesant\u00edsimo art\u00edculo de Mar\u00eda Clara Marmolejo Zayas, (Licenciada en Psicopedagog\u00eda) sobre metodolog\u00edas activas en la FP, extrapolables a la FPE, en el que se exponen algunas de las aportaciones que distintos autores ha realizado a lo largo de la historia, con el objetivo de favorecer la adquisici\u00f3n","og_url":"https:\/\/ws054.juntadeandalucia.es\/crnandalucia\/metodologias-activas-fp\/","og_site_name":"Escuelas CRN","article_published_time":"2023-09-27T09:43:21+00:00","article_modified_time":"2023-09-27T09:43:22+00:00","og_image":[{"width":1052,"height":743,"url":"https:\/\/ws054.juntadeandalucia.es\/crnandalucia\/wp-content\/uploads\/2023\/09\/metologias_activas.jpg","type":"image\/jpeg"}],"author":"CRN-Carpinteria","twitter_card":"summary_large_image","twitter_misc":{"Escrito por":"CRN-Carpinteria","Tiempo de lectura":"1 minuto"},"schema":{"@context":"https:\/\/schema.org","@graph":[{"@type":"WebPage","@id":"https:\/\/ws054.juntadeandalucia.es\/crnandalucia\/metodologias-activas-fp\/","url":"https:\/\/ws054.juntadeandalucia.es\/crnandalucia\/metodologias-activas-fp\/","name":"Metodolog\u00edas activas FP - Escuelas CRN","isPartOf":{"@id":"https:\/\/ws054.juntadeandalucia.es\/crnandalucia\/#website"},"primaryImageOfPage":{"@id":"https:\/\/ws054.juntadeandalucia.es\/crnandalucia\/metodologias-activas-fp\/#primaryimage"},"image":{"@id":"https:\/\/ws054.juntadeandalucia.es\/crnandalucia\/metodologias-activas-fp\/#primaryimage"},"thumbnailUrl":"https:\/\/ws054.juntadeandalucia.es\/crnandalucia\/wp-content\/uploads\/2023\/09\/metologias_activas.jpg","datePublished":"2023-09-27T09:43:21+00:00","dateModified":"2023-09-27T09:43:22+00:00","author":{"@id":"https:\/\/ws054.juntadeandalucia.es\/crnandalucia\/#\/schema\/person\/18507a1f1c557d6720560c0b95aa579c"},"breadcrumb":{"@id":"https:\/\/ws054.juntadeandalucia.es\/crnandalucia\/metodologias-activas-fp\/#breadcrumb"},"inLanguage":"es","potentialAction":[{"@type":"ReadAction","target":["https:\/\/ws054.juntadeandalucia.es\/crnandalucia\/metodologias-activas-fp\/"]}]},{"@type":"ImageObject","inLanguage":"es","@id":"https:\/\/ws054.juntadeandalucia.es\/crnandalucia\/metodologias-activas-fp\/#primaryimage","url":"https:\/\/ws054.juntadeandalucia.es\/crnandalucia\/wp-content\/uploads\/2023\/09\/metologias_activas.jpg","contentUrl":"https:\/\/ws054.juntadeandalucia.es\/crnandalucia\/wp-content\/uploads\/2023\/09\/metologias_activas.jpg","width":1052,"height":743},{"@type":"BreadcrumbList","@id":"https:\/\/ws054.juntadeandalucia.es\/crnandalucia\/metodologias-activas-fp\/#breadcrumb","itemListElement":[{"@type":"ListItem","position":1,"name":"Portada","item":"https:\/\/ws054.juntadeandalucia.es\/crnandalucia\/"},{"@type":"ListItem","position":2,"name":"Metodolog\u00edas activas FP"}]},{"@type":"WebSite","@id":"https:\/\/ws054.juntadeandalucia.es\/crnandalucia\/#website","url":"https:\/\/ws054.juntadeandalucia.es\/crnandalucia\/","name":"Escuelas CRN","description":"","potentialAction":[{"@type":"SearchAction","target":{"@type":"EntryPoint","urlTemplate":"https:\/\/ws054.juntadeandalucia.es\/crnandalucia\/?s={search_term_string}"},"query-input":{"@type":"PropertyValueSpecification","valueRequired":true,"valueName":"search_term_string"}}],"inLanguage":"es"},{"@type":"Person","@id":"https:\/\/ws054.juntadeandalucia.es\/crnandalucia\/#\/schema\/person\/18507a1f1c557d6720560c0b95aa579c","name":"CRN-Carpinteria","image":{"@type":"ImageObject","inLanguage":"es","@id":"https:\/\/ws054.juntadeandalucia.es\/crnandalucia\/#\/schema\/person\/image\/","url":"https:\/\/secure.gravatar.com\/avatar\/f12e6457226c2c783ce0f288254d015da501299f09d3dcebbb25d0d5cc90c382?s=96&d=mm&r=g","contentUrl":"https:\/\/secure.gravatar.com\/avatar\/f12e6457226c2c783ce0f288254d015da501299f09d3dcebbb25d0d5cc90c382?s=96&d=mm&r=g","caption":"CRN-Carpinteria"},"url":"https:\/\/ws054.juntadeandalucia.es\/crnandalucia\/author\/crn-carpinteria\/"}]}},"_links":{"self":[{"href":"https:\/\/ws054.juntadeandalucia.es\/crnandalucia\/wp-json\/wp\/v2\/posts\/16604","targetHints":{"allow":["GET"]}}],"collection":[{"href":"https:\/\/ws054.juntadeandalucia.es\/crnandalucia\/wp-json\/wp\/v2\/posts"}],"about":[{"href":"https:\/\/ws054.juntadeandalucia.es\/crnandalucia\/wp-json\/wp\/v2\/types\/post"}],"author":[{"embeddable":true,"href":"https:\/\/ws054.juntadeandalucia.es\/crnandalucia\/wp-json\/wp\/v2\/users\/4"}],"replies":[{"embeddable":true,"href":"https:\/\/ws054.juntadeandalucia.es\/crnandalucia\/wp-json\/wp\/v2\/comments?post=16604"}],"version-history":[{"count":1,"href":"https:\/\/ws054.juntadeandalucia.es\/crnandalucia\/wp-json\/wp\/v2\/posts\/16604\/revisions"}],"predecessor-version":[{"id":16606,"href":"https:\/\/ws054.juntadeandalucia.es\/crnandalucia\/wp-json\/wp\/v2\/posts\/16604\/revisions\/16606"}],"wp:featuredmedia":[{"embeddable":true,"href":"https:\/\/ws054.juntadeandalucia.es\/crnandalucia\/wp-json\/wp\/v2\/media\/16605"}],"wp:attachment":[{"href":"https:\/\/ws054.juntadeandalucia.es\/crnandalucia\/wp-json\/wp\/v2\/media?parent=16604"}],"wp:term":[{"taxonomy":"category","embeddable":true,"href":"https:\/\/ws054.juntadeandalucia.es\/crnandalucia\/wp-json\/wp\/v2\/categories?post=16604"},{"taxonomy":"post_tag","embeddable":true,"href":"https:\/\/ws054.juntadeandalucia.es\/crnandalucia\/wp-json\/wp\/v2\/tags?post=16604"}],"curies":[{"name":"wp","href":"https:\/\/api.w.org\/{rel}","templated":true}]}}