{"id":12218,"date":"2023-02-16T08:07:53","date_gmt":"2023-02-16T08:07:53","guid":{"rendered":"https:\/\/ws054.juntadeandalucia.es\/crnandalucia\/?p=12218"},"modified":"2023-05-08T05:52:28","modified_gmt":"2023-05-08T05:52:28","slug":"centro-albayzin-en-wwc","status":"publish","type":"post","link":"https:\/\/ws054.juntadeandalucia.es\/crnandalucia\/centro-albayzin-en-wwc\/","title":{"rendered":"La Escuela de Formaci\u00f3n Albayz\u00edn inicia los tr\u00e1mites para formar parte del World Crafts Council como miembro europeo"},"content":{"rendered":"\t\t<div data-elementor-type=\"wp-post\" data-elementor-id=\"12218\" class=\"elementor elementor-12218\" data-elementor-post-type=\"post\">\n\t\t\t\t\t\t<section class=\"elementor-section elementor-top-section elementor-element elementor-element-7287205 elementor-section-boxed elementor-section-height-default elementor-section-height-default\" data-id=\"7287205\" data-element_type=\"section\">\n\t\t\t\t\t\t<div class=\"elementor-container elementor-column-gap-default\">\n\t\t\t\t\t<div class=\"elementor-column elementor-col-100 elementor-top-column elementor-element elementor-element-828402d\" data-id=\"828402d\" data-element_type=\"column\">\n\t\t\t<div class=\"elementor-widget-wrap elementor-element-populated\">\n\t\t\t\t\t\t<div class=\"elementor-element elementor-element-0325782 elementor-widget elementor-widget-text-editor\" data-id=\"0325782\" data-element_type=\"widget\" data-widget_type=\"text-editor.default\">\n\t\t\t\t<div class=\"elementor-widget-container\">\n\t\t\t\t\t\t\t\t\t<p><strong>El delegado de Empleo de la Junta lo traslada a los representantes de esta organizaci\u00f3n que participan en Granada en una reuni\u00f3n para abordar la formaci\u00f3n en artesan\u00eda en Espa\u00f1<\/strong>a.<\/p><p>El delegado territorial de la Consejer\u00eda de Empleo, Empresa y Trabajo Aut\u00f3nomo de la Junta de Andaluc\u00eda en Granada, Javier Mart\u00edn, ha anunciado que se est\u00e1n realizando los tr\u00e1mites necesarios para solicitar el ingreso del Centro de Referencia Nacional de Artesan\u00eda Albayz\u00edn, centro perteneciente a la red de Escuelas de Formaci\u00f3n Profesional para el Empleo del Servicio Andaluz de Empleo, en el Consejo Mundial de la Artesan\u00eda (WCC en sus siglas en ingl\u00e9s), con el objetivo de colaborar en el futuro en proyectos europeos y profundizar en su internacionalizaci\u00f3n, tal como se contempla en el Plan de Acci\u00f3n Plurianual 2023-2026 del centro aprobado recientemente.<\/p><p>El delegado de Empleo ha trasladado esta propuesta a la delegaci\u00f3n de la secci\u00f3n europea del WCC, encabezada por su secretaria general Laura Miguel Baumann, durante el acto de apertura de la sesi\u00f3n de trabajo que se celebra en Granada para conocer los diferentes m\u00e9todos que existen en Espa\u00f1a para formarse en artesan\u00eda. Para los participantes en este encuentro, el Centro Albayz\u00edn es un modelo de referencia en el sector de la artesan\u00eda a nivel nacional.<\/p><p>Javier Mart\u00edn ha subrayado que el Centro Albayz\u00edn es una de las \u201cjoyas\u201d de los programas formativos que impulsa el SAE y ha destacado la labor que realiza \u201cpara contribuir a la promoci\u00f3n del sector artesano\u201d, lo que suma a la petici\u00f3n de ser miembro de la secci\u00f3n europea del WCC, una organizaci\u00f3n internacional donde participan entidades p\u00fablicas,<br \/>asociaciones y colectivos profesionales de diferentes pa\u00edses de Europa. \u201cQueremos aportar y participar en el futuro en proyectos europeos ligados a la formaci\u00f3n en artesan\u00eda, restauraci\u00f3n y rehabilitaci\u00f3n del patrimonio hist\u00f3rico, art\u00edstico y cultural\u201d, ha explicado.<\/p><p>Tambi\u00e9n ha mencionado que el Centro Albayz\u00edn lleva m\u00e1s de dos d\u00e9cadas \u201cvolcado en la defensa y la promoci\u00f3n del patrimonio artesano y art\u00edstico local y lo hace desde una perspectiva cultural, social y laboral, ello encaminado a formar a futuros artesanos en distintas materias\u201d.<\/p><p>Igualmente, ha defendido que gracias a esa trayectoria \u201cel centro Albayz\u00edn ha logrado convertirse en un eje de dinamizaci\u00f3n para profesionales de la artesan\u00eda, empresas y organismos implicados en el sector de la artesan\u00eda tradicional y la restauraci\u00f3n art\u00edstica, siendo un modelo de referencia para los profesionales y las empresas de toda Espa\u00f1a\u201d.<\/p><p><strong>Artesan\u00eda inclusiva<\/strong><\/p><p>Seg\u00fan Mart\u00edn, promover el encuentro del mundo de la artesan\u00eda con la sociedad es uno de los empe\u00f1os fundamentales de la Escuela, citando ejemplos como el programa formativo de artesan\u00eda inclusiva puesto en marcha el pasado a\u00f1o, que fue reconocido con el Premio Nacional de Artesan\u00eda en la modalidad \u2018Promociona para entidades p\u00fablicas\u201d, o la creaci\u00f3n de la C\u00e1tedra de Innovaci\u00f3n en Artesan\u00eda, Dise\u00f1o y Arte Contempor\u00e1neo, un proyecto conjunto con la Universidad de Granada \u201ccon la que se quiere potenciar la investigaci\u00f3n y la innovaci\u00f3n en temas directamente relacionados con la artesan\u00eda\u201d.<\/p><p>El delegado de Empleo ha hecho hincapi\u00e9 en el papel activo que puede desempe\u00f1ar el centro Albayz\u00edn una vez incorporado en la secci\u00f3n europea del WCC, ya que en su opini\u00f3n \u201cpodemos proponer y promover acciones e ideas que pueden enriquecer el sector de la artesan\u00eda en Europa. Ya hemos participado en algunos foros europeos y en ellos han acogido con inter\u00e9s las propuestas que hemos expuesto\u201d.<\/p><p>Durante su estancia en Espa\u00f1a, la delegaci\u00f3n europea del WCC, adem\u00e1s de conocer la actividad del centro Albayz\u00edn, visitar\u00e1 la Escuela de Arte \u2018Jos\u00e9 Val del Omar\u2019 de Granada y la Escuela de Joyer\u00eda de C\u00f3rdoba, que es Centro de Referencia Nacional de Joyer\u00eda.<\/p><p>El WCC se cre\u00f3 en 1964, si bien la secci\u00f3n europea se formaliz\u00f3 en 1979 y actualmente mantiene una estrecha relaci\u00f3n con la UE para impulsar la artesan\u00eda europea a nivel global, estimular el di\u00e1logo intercultural y crear proyectos conjuntos entre sus miembros.<\/p>\t\t\t\t\t\t\t\t<\/div>\n\t\t\t\t<\/div>\n\t\t\t\t<div class=\"elementor-element elementor-element-a593e8d elementor-widget elementor-widget-text-editor\" data-id=\"a593e8d\" data-element_type=\"widget\" data-widget_type=\"text-editor.default\">\n\t\t\t\t<div class=\"elementor-widget-container\">\n\t\t\t\t\t\t\t\t\t<p>* Nota de prensa de la delegaci\u00f3n territorial de Empleo, Empresa y Trabajo Aut\u00f3nomo en Granada.<\/p>\t\t\t\t\t\t\t\t<\/div>\n\t\t\t\t<\/div>\n\t\t\t\t\t<\/div>\n\t\t<\/div>\n\t\t\t\t\t<\/div>\n\t\t<\/section>\n\t\t\t\t<\/div>\n\t\t","protected":false},"excerpt":{"rendered":"<p>El delegado de Empleo de la Junta lo traslada a los representantes de esta organizaci\u00f3n que participan en Granada en una reuni\u00f3n para abordar la formaci\u00f3n en artesan\u00eda en Espa\u00f1a <\/p>\n","protected":false},"author":3,"featured_media":12220,"comment_status":"closed","ping_status":"closed","sticky":false,"template":"","format":"standard","meta":{"_acf_changed":false,"footnotes":""},"categories":[818,1],"tags":[],"class_list":["post-12218","post","type-post","status-publish","format-standard","has-post-thumbnail","hentry","category-acciones-de-formacion-crn-plan-2022","category-crn-artesania-noticias"],"acf":[],"yoast_head":"<!-- This site is optimized with the Yoast SEO plugin v25.3 - https:\/\/yoast.com\/wordpress\/plugins\/seo\/ -->\n<title>La Escuela de Formaci\u00f3n Albayz\u00edn inicia los tr\u00e1mites para formar parte del World Crafts Council como miembro europeo - Escuelas CRN<\/title>\n<meta name=\"robots\" content=\"index, follow, max-snippet:-1, max-image-preview:large, max-video-preview:-1\" \/>\n<link rel=\"canonical\" href=\"https:\/\/ws054.juntadeandalucia.es\/crnandalucia\/centro-albayzin-en-wwc\/\" \/>\n<meta property=\"og:locale\" content=\"es_ES\" \/>\n<meta property=\"og:type\" content=\"article\" \/>\n<meta property=\"og:title\" content=\"La Escuela de Formaci\u00f3n Albayz\u00edn inicia los tr\u00e1mites para formar parte del World Crafts Council como miembro europeo - Escuelas CRN\" \/>\n<meta property=\"og:description\" content=\"El delegado de Empleo de la Junta lo traslada a los representantes de esta organizaci\u00f3n que participan en Granada en una reuni\u00f3n para abordar la formaci\u00f3n en artesan\u00eda en Espa\u00f1a\" \/>\n<meta property=\"og:url\" content=\"https:\/\/ws054.juntadeandalucia.es\/crnandalucia\/centro-albayzin-en-wwc\/\" \/>\n<meta property=\"og:site_name\" content=\"Escuelas CRN\" \/>\n<meta property=\"article:published_time\" content=\"2023-02-16T08:07:53+00:00\" \/>\n<meta property=\"article:modified_time\" content=\"2023-05-08T05:52:28+00:00\" \/>\n<meta property=\"og:image\" content=\"https:\/\/ws054.juntadeandalucia.es\/crnandalucia\/wp-content\/uploads\/2023\/02\/IMG_20230215_112107_361.webp\" \/>\n\t<meta property=\"og:image:width\" content=\"1440\" \/>\n\t<meta property=\"og:image:height\" content=\"1079\" \/>\n\t<meta property=\"og:image:type\" content=\"image\/webp\" \/>\n<meta name=\"author\" content=\"CRN-Artesania\" \/>\n<meta name=\"twitter:card\" content=\"summary_large_image\" \/>\n<meta name=\"twitter:label1\" content=\"Escrito por\" \/>\n\t<meta name=\"twitter:data1\" content=\"CRN-Artesania\" \/>\n\t<meta name=\"twitter:label2\" content=\"Tiempo de lectura\" \/>\n\t<meta name=\"twitter:data2\" content=\"4 minutos\" \/>\n<script type=\"application\/ld+json\" class=\"yoast-schema-graph\">{\"@context\":\"https:\/\/schema.org\",\"@graph\":[{\"@type\":\"WebPage\",\"@id\":\"https:\/\/ws054.juntadeandalucia.es\/crnandalucia\/centro-albayzin-en-wwc\/\",\"url\":\"https:\/\/ws054.juntadeandalucia.es\/crnandalucia\/centro-albayzin-en-wwc\/\",\"name\":\"La Escuela de Formaci\u00f3n Albayz\u00edn inicia los tr\u00e1mites para formar parte del World Crafts Council como miembro europeo - Escuelas CRN\",\"isPartOf\":{\"@id\":\"https:\/\/ws054.juntadeandalucia.es\/crnandalucia\/#website\"},\"primaryImageOfPage\":{\"@id\":\"https:\/\/ws054.juntadeandalucia.es\/crnandalucia\/centro-albayzin-en-wwc\/#primaryimage\"},\"image\":{\"@id\":\"https:\/\/ws054.juntadeandalucia.es\/crnandalucia\/centro-albayzin-en-wwc\/#primaryimage\"},\"thumbnailUrl\":\"https:\/\/ws054.juntadeandalucia.es\/crnandalucia\/wp-content\/uploads\/2023\/02\/IMG_20230215_112107_361.webp\",\"datePublished\":\"2023-02-16T08:07:53+00:00\",\"dateModified\":\"2023-05-08T05:52:28+00:00\",\"author\":{\"@id\":\"https:\/\/ws054.juntadeandalucia.es\/crnandalucia\/#\/schema\/person\/b07dcf44811daf38b6dabf1daed9e572\"},\"breadcrumb\":{\"@id\":\"https:\/\/ws054.juntadeandalucia.es\/crnandalucia\/centro-albayzin-en-wwc\/#breadcrumb\"},\"inLanguage\":\"es\",\"potentialAction\":[{\"@type\":\"ReadAction\",\"target\":[\"https:\/\/ws054.juntadeandalucia.es\/crnandalucia\/centro-albayzin-en-wwc\/\"]}]},{\"@type\":\"ImageObject\",\"inLanguage\":\"es\",\"@id\":\"https:\/\/ws054.juntadeandalucia.es\/crnandalucia\/centro-albayzin-en-wwc\/#primaryimage\",\"url\":\"https:\/\/ws054.juntadeandalucia.es\/crnandalucia\/wp-content\/uploads\/2023\/02\/IMG_20230215_112107_361.webp\",\"contentUrl\":\"https:\/\/ws054.juntadeandalucia.es\/crnandalucia\/wp-content\/uploads\/2023\/02\/IMG_20230215_112107_361.webp\",\"width\":1440,\"height\":1079},{\"@type\":\"BreadcrumbList\",\"@id\":\"https:\/\/ws054.juntadeandalucia.es\/crnandalucia\/centro-albayzin-en-wwc\/#breadcrumb\",\"itemListElement\":[{\"@type\":\"ListItem\",\"position\":1,\"name\":\"Portada\",\"item\":\"https:\/\/ws054.juntadeandalucia.es\/crnandalucia\/\"},{\"@type\":\"ListItem\",\"position\":2,\"name\":\"La Escuela de Formaci\u00f3n Albayz\u00edn inicia los tr\u00e1mites para formar parte del World Crafts Council como miembro europeo\"}]},{\"@type\":\"WebSite\",\"@id\":\"https:\/\/ws054.juntadeandalucia.es\/crnandalucia\/#website\",\"url\":\"https:\/\/ws054.juntadeandalucia.es\/crnandalucia\/\",\"name\":\"Escuelas CRN\",\"description\":\"\",\"potentialAction\":[{\"@type\":\"SearchAction\",\"target\":{\"@type\":\"EntryPoint\",\"urlTemplate\":\"https:\/\/ws054.juntadeandalucia.es\/crnandalucia\/?s={search_term_string}\"},\"query-input\":{\"@type\":\"PropertyValueSpecification\",\"valueRequired\":true,\"valueName\":\"search_term_string\"}}],\"inLanguage\":\"es\"},{\"@type\":\"Person\",\"@id\":\"https:\/\/ws054.juntadeandalucia.es\/crnandalucia\/#\/schema\/person\/b07dcf44811daf38b6dabf1daed9e572\",\"name\":\"CRN-Artesania\",\"image\":{\"@type\":\"ImageObject\",\"inLanguage\":\"es\",\"@id\":\"https:\/\/ws054.juntadeandalucia.es\/crnandalucia\/#\/schema\/person\/image\/\",\"url\":\"https:\/\/secure.gravatar.com\/avatar\/e8d7e03a793ca7450df952203f6d954e6c20d28b49e90d00bc3d8d1f26a8d873?s=96&d=mm&r=g\",\"contentUrl\":\"https:\/\/secure.gravatar.com\/avatar\/e8d7e03a793ca7450df952203f6d954e6c20d28b49e90d00bc3d8d1f26a8d873?s=96&d=mm&r=g\",\"caption\":\"CRN-Artesania\"},\"url\":\"https:\/\/ws054.juntadeandalucia.es\/crnandalucia\/author\/crn-artesania\/\"}]}<\/script>\n<!-- \/ Yoast SEO plugin. -->","yoast_head_json":{"title":"La Escuela de Formaci\u00f3n Albayz\u00edn inicia los tr\u00e1mites para formar parte del World Crafts Council como miembro europeo - Escuelas CRN","robots":{"index":"index","follow":"follow","max-snippet":"max-snippet:-1","max-image-preview":"max-image-preview:large","max-video-preview":"max-video-preview:-1"},"canonical":"https:\/\/ws054.juntadeandalucia.es\/crnandalucia\/centro-albayzin-en-wwc\/","og_locale":"es_ES","og_type":"article","og_title":"La Escuela de Formaci\u00f3n Albayz\u00edn inicia los tr\u00e1mites para formar parte del World Crafts Council como miembro europeo - Escuelas CRN","og_description":"El delegado de Empleo de la Junta lo traslada a los representantes de esta organizaci\u00f3n que participan en Granada en una reuni\u00f3n para abordar la formaci\u00f3n en artesan\u00eda en Espa\u00f1a","og_url":"https:\/\/ws054.juntadeandalucia.es\/crnandalucia\/centro-albayzin-en-wwc\/","og_site_name":"Escuelas CRN","article_published_time":"2023-02-16T08:07:53+00:00","article_modified_time":"2023-05-08T05:52:28+00:00","og_image":[{"width":1440,"height":1079,"url":"https:\/\/ws054.juntadeandalucia.es\/crnandalucia\/wp-content\/uploads\/2023\/02\/IMG_20230215_112107_361.webp","type":"image\/webp"}],"author":"CRN-Artesania","twitter_card":"summary_large_image","twitter_misc":{"Escrito por":"CRN-Artesania","Tiempo de lectura":"4 minutos"},"schema":{"@context":"https:\/\/schema.org","@graph":[{"@type":"WebPage","@id":"https:\/\/ws054.juntadeandalucia.es\/crnandalucia\/centro-albayzin-en-wwc\/","url":"https:\/\/ws054.juntadeandalucia.es\/crnandalucia\/centro-albayzin-en-wwc\/","name":"La Escuela de Formaci\u00f3n Albayz\u00edn inicia los tr\u00e1mites para formar parte del World Crafts Council como miembro europeo - Escuelas CRN","isPartOf":{"@id":"https:\/\/ws054.juntadeandalucia.es\/crnandalucia\/#website"},"primaryImageOfPage":{"@id":"https:\/\/ws054.juntadeandalucia.es\/crnandalucia\/centro-albayzin-en-wwc\/#primaryimage"},"image":{"@id":"https:\/\/ws054.juntadeandalucia.es\/crnandalucia\/centro-albayzin-en-wwc\/#primaryimage"},"thumbnailUrl":"https:\/\/ws054.juntadeandalucia.es\/crnandalucia\/wp-content\/uploads\/2023\/02\/IMG_20230215_112107_361.webp","datePublished":"2023-02-16T08:07:53+00:00","dateModified":"2023-05-08T05:52:28+00:00","author":{"@id":"https:\/\/ws054.juntadeandalucia.es\/crnandalucia\/#\/schema\/person\/b07dcf44811daf38b6dabf1daed9e572"},"breadcrumb":{"@id":"https:\/\/ws054.juntadeandalucia.es\/crnandalucia\/centro-albayzin-en-wwc\/#breadcrumb"},"inLanguage":"es","potentialAction":[{"@type":"ReadAction","target":["https:\/\/ws054.juntadeandalucia.es\/crnandalucia\/centro-albayzin-en-wwc\/"]}]},{"@type":"ImageObject","inLanguage":"es","@id":"https:\/\/ws054.juntadeandalucia.es\/crnandalucia\/centro-albayzin-en-wwc\/#primaryimage","url":"https:\/\/ws054.juntadeandalucia.es\/crnandalucia\/wp-content\/uploads\/2023\/02\/IMG_20230215_112107_361.webp","contentUrl":"https:\/\/ws054.juntadeandalucia.es\/crnandalucia\/wp-content\/uploads\/2023\/02\/IMG_20230215_112107_361.webp","width":1440,"height":1079},{"@type":"BreadcrumbList","@id":"https:\/\/ws054.juntadeandalucia.es\/crnandalucia\/centro-albayzin-en-wwc\/#breadcrumb","itemListElement":[{"@type":"ListItem","position":1,"name":"Portada","item":"https:\/\/ws054.juntadeandalucia.es\/crnandalucia\/"},{"@type":"ListItem","position":2,"name":"La Escuela de Formaci\u00f3n Albayz\u00edn inicia los tr\u00e1mites para formar parte del World Crafts Council como miembro europeo"}]},{"@type":"WebSite","@id":"https:\/\/ws054.juntadeandalucia.es\/crnandalucia\/#website","url":"https:\/\/ws054.juntadeandalucia.es\/crnandalucia\/","name":"Escuelas CRN","description":"","potentialAction":[{"@type":"SearchAction","target":{"@type":"EntryPoint","urlTemplate":"https:\/\/ws054.juntadeandalucia.es\/crnandalucia\/?s={search_term_string}"},"query-input":{"@type":"PropertyValueSpecification","valueRequired":true,"valueName":"search_term_string"}}],"inLanguage":"es"},{"@type":"Person","@id":"https:\/\/ws054.juntadeandalucia.es\/crnandalucia\/#\/schema\/person\/b07dcf44811daf38b6dabf1daed9e572","name":"CRN-Artesania","image":{"@type":"ImageObject","inLanguage":"es","@id":"https:\/\/ws054.juntadeandalucia.es\/crnandalucia\/#\/schema\/person\/image\/","url":"https:\/\/secure.gravatar.com\/avatar\/e8d7e03a793ca7450df952203f6d954e6c20d28b49e90d00bc3d8d1f26a8d873?s=96&d=mm&r=g","contentUrl":"https:\/\/secure.gravatar.com\/avatar\/e8d7e03a793ca7450df952203f6d954e6c20d28b49e90d00bc3d8d1f26a8d873?s=96&d=mm&r=g","caption":"CRN-Artesania"},"url":"https:\/\/ws054.juntadeandalucia.es\/crnandalucia\/author\/crn-artesania\/"}]}},"_links":{"self":[{"href":"https:\/\/ws054.juntadeandalucia.es\/crnandalucia\/wp-json\/wp\/v2\/posts\/12218","targetHints":{"allow":["GET"]}}],"collection":[{"href":"https:\/\/ws054.juntadeandalucia.es\/crnandalucia\/wp-json\/wp\/v2\/posts"}],"about":[{"href":"https:\/\/ws054.juntadeandalucia.es\/crnandalucia\/wp-json\/wp\/v2\/types\/post"}],"author":[{"embeddable":true,"href":"https:\/\/ws054.juntadeandalucia.es\/crnandalucia\/wp-json\/wp\/v2\/users\/3"}],"replies":[{"embeddable":true,"href":"https:\/\/ws054.juntadeandalucia.es\/crnandalucia\/wp-json\/wp\/v2\/comments?post=12218"}],"version-history":[{"count":4,"href":"https:\/\/ws054.juntadeandalucia.es\/crnandalucia\/wp-json\/wp\/v2\/posts\/12218\/revisions"}],"predecessor-version":[{"id":12223,"href":"https:\/\/ws054.juntadeandalucia.es\/crnandalucia\/wp-json\/wp\/v2\/posts\/12218\/revisions\/12223"}],"wp:featuredmedia":[{"embeddable":true,"href":"https:\/\/ws054.juntadeandalucia.es\/crnandalucia\/wp-json\/wp\/v2\/media\/12220"}],"wp:attachment":[{"href":"https:\/\/ws054.juntadeandalucia.es\/crnandalucia\/wp-json\/wp\/v2\/media?parent=12218"}],"wp:term":[{"taxonomy":"category","embeddable":true,"href":"https:\/\/ws054.juntadeandalucia.es\/crnandalucia\/wp-json\/wp\/v2\/categories?post=12218"},{"taxonomy":"post_tag","embeddable":true,"href":"https:\/\/ws054.juntadeandalucia.es\/crnandalucia\/wp-json\/wp\/v2\/tags?post=12218"}],"curies":[{"name":"wp","href":"https:\/\/api.w.org\/{rel}","templated":true}]}}